{"id":1051,"date":"2018-10-28T09:11:05","date_gmt":"2018-10-28T09:11:05","guid":{"rendered":"http:\/\/hidk.hr\/?p=1051"},"modified":"2018-10-28T09:11:05","modified_gmt":"2018-10-28T09:11:05","slug":"nena-loncar-dobitnica-ovogodisnje-nagrade-mali-princ","status":"publish","type":"post","link":"https:\/\/hidk.hr\/en\/nena-loncar-dobitnica-ovogodisnje-nagrade-mali-princ\/","title":{"rendered":"Nena Lon\u010dar \u2013 dobitnica ovogodi\u0161nje Nagrade Mali princ"},"content":{"rendered":"<p>Na jubilarnom 15. me\u0111unarodnom dje\u010djem festivalu \u201eVezeni most\u201c tradicionalno je uru\u010dena Nagrada Mali princ za najbolje djelo iz podru\u010dja dje\u010dje knji\u017eevnosti i knji\u017eevnosti za mlade\u017e.<\/p>\n<p>Selektori za Nagradu Mali princ <em>\u2013\u00a0<\/em>Ibrahim Kajan (BiH), Svetlana Kalezi\u0107-Radonji\u0107 (Crna Gora), Marina Gabelica (Hrvatska) i Zorana Opa\u010di\u0107 (Srbija) <em>\u2013\u00a0<\/em>nominirali su osam naslova:\u00a0 <em>Vjetri\u0107 nesta\u0161ko<\/em>\u00a0Jelene Gli\u0161i\u0107 i <em>Djeca koja lete<\/em>\u00a0Nure Suljkanovi\u0107 (BiH), <em>Puh \u0110or\u0111e i duhovi Triftara<\/em>\u00a0\u017darka Vu\u010dini\u0107a i <em>Zovu me \u010cupa<\/em>\u00a0Nata\u0161e Nelevi\u0107 (Crna Gora), <em>Dom iza \u017eice<\/em>\u00a0Jasminke Tihi-Stepani\u0107 i <em>Sve o Evi \u2013 Vodi\u010d za sanjare<\/em>\u00a0Nene Lon\u010dar (Hrvatska), <em>Krokodil peva<\/em>\u00a0Vesne Aleksi\u0107 i <em>Banda ne\u017eeljenih ljubimaca\u00a0<\/em>Uglje\u0161e \u0160ajtinca (Srbija).<\/p>\n<p>Presti\u017enu Nagradu Mali princ ove je godine dobila hrvatska autorica <strong>Nena Lon\u010dar<\/strong> za roman <em style=\"font-weight: bold;\">Sve o Evi \u2013 vodi\u010d za sanjare<\/em><b>. <\/b>Podsjetimo, roman\u00a0<em>Sve o Evi \u2013 vodi\u010d za sanjare<\/em>\u00a0osvojio je i Nagradu Grigor Vitez 2017. godine.<\/p>\n<p>Druga hrvatska kandidatkinja, Jasminka Tihi-Stepani\u0107 sa svojom je knjigom <em>Dom iza \u017eice<\/em> osvojila visoko tre\u0107e mjesto.<\/p>\n<p>\u010cestitamo\u00a0svim autorima \u0161to su svojim knjigama predstavljali dje\u010dju knji\u017eevnost svojih zemalja, a posebne \u010destitke upu\u0107ujemo ovogodi\u0161njoj pobjednici, hrvatskoj autorici Neni Lon\u010dar te vas sve pozivamo da u\u017eivate u njezinom dvostruko nagra\u0111enom romanu.<\/p>\n<p><a href=\"https:\/\/hidk.hr\/wp-content\/uploads\/2018\/10\/SVE-O-EVI.jpg\"><img loading=\"lazy\" decoding=\"async\" class=\"aligncenter size-medium wp-image-1052\" src=\"https:\/\/hidk.hr\/wp-content\/uploads\/2018\/10\/SVE-O-EVI-194x300.jpg\" alt=\"SVE O EVI\" width=\"194\" height=\"300\" srcset=\"https:\/\/hidk.hr\/wp-content\/uploads\/2018\/10\/SVE-O-EVI-194x300.jpg 194w, https:\/\/hidk.hr\/wp-content\/uploads\/2018\/10\/SVE-O-EVI.jpg 300w\" sizes=\"auto, (max-width: 194px) 100vw, 194px\" \/><\/a><\/p>\n<p>&nbsp;<\/p>\n<p>Nominirane knjige za Nagradu Mali princ 2018. godine:<\/p>\n<div id='gallery-1' class='gallery galleryid-1051 gallery-columns-3 gallery-size-medium'><figure class='gallery-item'>\n\t\t\t<div class='gallery-icon portrait'>\n\t\t\t\t<a href='https:\/\/hidk.hr\/wp-content\/uploads\/2018\/10\/banda_nezeljenih_ljubimaca_vv.jpg'><img loading=\"lazy\" decoding=\"async\" width=\"208\" height=\"300\" src=\"https:\/\/hidk.hr\/wp-content\/uploads\/2018\/10\/banda_nezeljenih_ljubimaca_vv-208x300.jpg\" class=\"attachment-medium size-medium\" alt=\"\" srcset=\"https:\/\/hidk.hr\/wp-content\/uploads\/2018\/10\/banda_nezeljenih_ljubimaca_vv-208x300.jpg 208w, https:\/\/hidk.hr\/wp-content\/uploads\/2018\/10\/banda_nezeljenih_ljubimaca_vv.jpg 381w\" sizes=\"auto, (max-width: 208px) 100vw, 208px\" \/><\/a>\n\t\t\t<\/div><\/figure><figure class='gallery-item'>\n\t\t\t<div class='gallery-icon portrait'>\n\t\t\t\t<a href='https:\/\/hidk.hr\/wp-content\/uploads\/2018\/10\/Djeca-koja-lete.jpg'><img loading=\"lazy\" decoding=\"async\" width=\"203\" height=\"300\" src=\"https:\/\/hidk.hr\/wp-content\/uploads\/2018\/10\/Djeca-koja-lete-203x300.jpg\" class=\"attachment-medium size-medium\" alt=\"\" srcset=\"https:\/\/hidk.hr\/wp-content\/uploads\/2018\/10\/Djeca-koja-lete-203x300.jpg 203w, https:\/\/hidk.hr\/wp-content\/uploads\/2018\/10\/Djeca-koja-lete-600x886.jpg 600w, https:\/\/hidk.hr\/wp-content\/uploads\/2018\/10\/Djeca-koja-lete.jpg 650w\" sizes=\"auto, (max-width: 203px) 100vw, 203px\" \/><\/a>\n\t\t\t<\/div><\/figure><figure class='gallery-item'>\n\t\t\t<div class='gallery-icon portrait'>\n\t\t\t\t<a href='https:\/\/hidk.hr\/wp-content\/uploads\/2018\/10\/dom_iza_zice.jpg'><img loading=\"lazy\" decoding=\"async\" width=\"186\" height=\"300\" src=\"https:\/\/hidk.hr\/wp-content\/uploads\/2018\/10\/dom_iza_zice-186x300.jpg\" class=\"attachment-medium size-medium\" alt=\"\" srcset=\"https:\/\/hidk.hr\/wp-content\/uploads\/2018\/10\/dom_iza_zice-186x300.jpg 186w, https:\/\/hidk.hr\/wp-content\/uploads\/2018\/10\/dom_iza_zice.jpg 264w\" sizes=\"auto, (max-width: 186px) 100vw, 186px\" \/><\/a>\n\t\t\t<\/div><\/figure><figure class='gallery-item'>\n\t\t\t<div class='gallery-icon portrait'>\n\t\t\t\t<a href='https:\/\/hidk.hr\/wp-content\/uploads\/2018\/10\/krokodil_peva_vv.jpg'><img loading=\"lazy\" decoding=\"async\" width=\"236\" height=\"300\" src=\"https:\/\/hidk.hr\/wp-content\/uploads\/2018\/10\/krokodil_peva_vv-236x300.jpg\" class=\"attachment-medium size-medium\" alt=\"\" srcset=\"https:\/\/hidk.hr\/wp-content\/uploads\/2018\/10\/krokodil_peva_vv-236x300.jpg 236w, https:\/\/hidk.hr\/wp-content\/uploads\/2018\/10\/krokodil_peva_vv.jpg 400w\" sizes=\"auto, (max-width: 236px) 100vw, 236px\" \/><\/a>\n\t\t\t<\/div><\/figure><figure class='gallery-item'>\n\t\t\t<div class='gallery-icon portrait'>\n\t\t\t\t<a href='https:\/\/hidk.hr\/wp-content\/uploads\/2018\/10\/Puh-Dorde.jpg'><img loading=\"lazy\" decoding=\"async\" width=\"191\" height=\"300\" src=\"https:\/\/hidk.hr\/wp-content\/uploads\/2018\/10\/Puh-Dorde-191x300.jpg\" class=\"attachment-medium size-medium\" alt=\"\" srcset=\"https:\/\/hidk.hr\/wp-content\/uploads\/2018\/10\/Puh-Dorde-191x300.jpg 191w, https:\/\/hidk.hr\/wp-content\/uploads\/2018\/10\/Puh-Dorde.jpg 407w\" sizes=\"auto, (max-width: 191px) 100vw, 191px\" \/><\/a>\n\t\t\t<\/div><\/figure><figure class='gallery-item'>\n\t\t\t<div class='gallery-icon portrait'>\n\t\t\t\t<a href='https:\/\/hidk.hr\/wp-content\/uploads\/2018\/10\/SVE-O-EVI-1.jpg'><img loading=\"lazy\" decoding=\"async\" width=\"194\" height=\"300\" src=\"https:\/\/hidk.hr\/wp-content\/uploads\/2018\/10\/SVE-O-EVI-1-194x300.jpg\" class=\"attachment-medium size-medium\" alt=\"\" srcset=\"https:\/\/hidk.hr\/wp-content\/uploads\/2018\/10\/SVE-O-EVI-1-194x300.jpg 194w, https:\/\/hidk.hr\/wp-content\/uploads\/2018\/10\/SVE-O-EVI-1.jpg 300w\" sizes=\"auto, (max-width: 194px) 100vw, 194px\" \/><\/a>\n\t\t\t<\/div><\/figure><figure class='gallery-item'>\n\t\t\t<div class='gallery-icon portrait'>\n\t\t\t\t<a href='https:\/\/hidk.hr\/wp-content\/uploads\/2018\/10\/Vjetri\u0107-nesta\u0161ko.jpg'><img loading=\"lazy\" decoding=\"async\" width=\"206\" height=\"300\" src=\"https:\/\/hidk.hr\/wp-content\/uploads\/2018\/10\/Vjetri\u0107-nesta\u0161ko-206x300.jpg\" class=\"attachment-medium size-medium\" alt=\"\" srcset=\"https:\/\/hidk.hr\/wp-content\/uploads\/2018\/10\/Vjetri\u0107-nesta\u0161ko-206x300.jpg 206w, https:\/\/hidk.hr\/wp-content\/uploads\/2018\/10\/Vjetri\u0107-nesta\u0161ko-600x873.jpg 600w, https:\/\/hidk.hr\/wp-content\/uploads\/2018\/10\/Vjetri\u0107-nesta\u0161ko.jpg 660w\" sizes=\"auto, (max-width: 206px) 100vw, 206px\" \/><\/a>\n\t\t\t<\/div><\/figure><figure class='gallery-item'>\n\t\t\t<div class='gallery-icon portrait'>\n\t\t\t\t<a href='https:\/\/hidk.hr\/wp-content\/uploads\/2018\/10\/zovu-me-cupa_0.jpg'><img loading=\"lazy\" decoding=\"async\" width=\"298\" height=\"300\" src=\"https:\/\/hidk.hr\/wp-content\/uploads\/2018\/10\/zovu-me-cupa_0-298x300.jpg\" class=\"attachment-medium size-medium\" alt=\"\" srcset=\"https:\/\/hidk.hr\/wp-content\/uploads\/2018\/10\/zovu-me-cupa_0-298x300.jpg 298w, https:\/\/hidk.hr\/wp-content\/uploads\/2018\/10\/zovu-me-cupa_0-100x100.jpg 100w, https:\/\/hidk.hr\/wp-content\/uploads\/2018\/10\/zovu-me-cupa_0-600x604.jpg 600w, https:\/\/hidk.hr\/wp-content\/uploads\/2018\/10\/zovu-me-cupa_0-150x150.jpg 150w, https:\/\/hidk.hr\/wp-content\/uploads\/2018\/10\/zovu-me-cupa_0.jpg 659w\" sizes=\"auto, (max-width: 298px) 100vw, 298px\" \/><\/a>\n\t\t\t<\/div><\/figure>\n\t\t<\/div>\n\n<p>&nbsp;<\/p>\n<p>&nbsp;<\/p>","protected":false},"excerpt":{"rendered":"<p>Na jubilarnom 15. me\u0111unarodnom dje\u010djem festivalu \u201eVezeni most\u201c tradicionalno je uru\u010dena Nagrada Mali princ za najbolje djelo iz podru\u010dja dje\u010dje knji\u017eevnosti i knji\u017eevnosti za mlade\u017e. Selektori za Nagradu Mali princ \u2013\u00a0Ibrahim Kajan (BiH), Svetlana Kalezi\u0107-Radonji\u0107 (Crna Gora), Marina Gabelica (Hrvatska) i Zorana Opa\u010di\u0107 (Srbija) \u2013\u00a0nominirali su osam naslova:\u00a0 Vjetri\u0107 nesta\u0161ko\u00a0Jelene Gli\u0161i\u0107 i Djeca koja lete\u00a0Nure&#8230;<\/p>","protected":false},"author":2,"featured_media":0,"comment_status":"open","ping_status":"open","sticky":false,"template":"","format":"standard","meta":{"footnotes":""},"categories":[35,2],"tags":[],"class_list":["post-1051","post","type-post","status-publish","format-standard","hentry","category-naslovna","category-novosti"],"post_mailing_queue_ids":[],"_links":{"self":[{"href":"https:\/\/hidk.hr\/en\/wp-json\/wp\/v2\/posts\/1051","targetHints":{"allow":["GET"]}}],"collection":[{"href":"https:\/\/hidk.hr\/en\/wp-json\/wp\/v2\/posts"}],"about":[{"href":"https:\/\/hidk.hr\/en\/wp-json\/wp\/v2\/types\/post"}],"author":[{"embeddable":true,"href":"https:\/\/hidk.hr\/en\/wp-json\/wp\/v2\/users\/2"}],"replies":[{"embeddable":true,"href":"https:\/\/hidk.hr\/en\/wp-json\/wp\/v2\/comments?post=1051"}],"version-history":[{"count":1,"href":"https:\/\/hidk.hr\/en\/wp-json\/wp\/v2\/posts\/1051\/revisions"}],"predecessor-version":[{"id":1061,"href":"https:\/\/hidk.hr\/en\/wp-json\/wp\/v2\/posts\/1051\/revisions\/1061"}],"wp:attachment":[{"href":"https:\/\/hidk.hr\/en\/wp-json\/wp\/v2\/media?parent=1051"}],"wp:term":[{"taxonomy":"category","embeddable":true,"href":"https:\/\/hidk.hr\/en\/wp-json\/wp\/v2\/categories?post=1051"},{"taxonomy":"post_tag","embeddable":true,"href":"https:\/\/hidk.hr\/en\/wp-json\/wp\/v2\/tags?post=1051"}],"curies":[{"name":"wp","href":"https:\/\/api.w.org\/{rel}","templated":true}]}}