{"id":1092,"date":"2019-05-16T17:28:52","date_gmt":"2019-05-16T17:28:52","guid":{"rendered":"http:\/\/hidk.hr\/?p=1092"},"modified":"2019-05-16T17:29:40","modified_gmt":"2019-05-16T17:29:40","slug":"poziv-na-predstavljanje-knjige","status":"publish","type":"post","link":"https:\/\/hidk.hr\/en\/poziv-na-predstavljanje-knjige\/","title":{"rendered":"Poziv na predstavljanje knjige"},"content":{"rendered":"<p>Pozivamo vas na predstavljanje sveu\u010dili\u0161nog ud\u017ebenika Kreativni pristup lektiri, autorica doc. dr. sc. Marine Gabelica i prof. dr. sc. Dubravke Te\u017eak koje \u0107e se odr\u017eati u sklopu Zagreb Book Festivala, 21. svibnja 2019. u 13 sati u Muzeju za umjetnost i obrt.<\/p>\n<p>Pozivnicu, kao i cjeloviti program Festivala mo\u017eete prona\u0107i u prilogu.<\/p>\n<p>Radujemo se va\u0161em dolasku!<\/p>\n<p>&nbsp;<\/p>\n<p><a href=\"https:\/\/hidk.hr\/wp-content\/uploads\/2019\/05\/1-Pozivnica-KPL.jpg\"><img loading=\"lazy\" decoding=\"async\" class=\"aligncenter size-large wp-image-1093\" src=\"https:\/\/hidk.hr\/wp-content\/uploads\/2019\/05\/1-Pozivnica-KPL-1024x468.jpg\" alt=\"1 Pozivnica KPL\" width=\"720\" height=\"329\" srcset=\"https:\/\/hidk.hr\/wp-content\/uploads\/2019\/05\/1-Pozivnica-KPL-1024x468.jpg 1024w, https:\/\/hidk.hr\/wp-content\/uploads\/2019\/05\/1-Pozivnica-KPL-600x274.jpg 600w, https:\/\/hidk.hr\/wp-content\/uploads\/2019\/05\/1-Pozivnica-KPL-300x137.jpg 300w, https:\/\/hidk.hr\/wp-content\/uploads\/2019\/05\/1-Pozivnica-KPL-768x351.jpg 768w\" sizes=\"auto, (max-width: 720px) 100vw, 720px\" \/><\/a><\/p>\n<p>&nbsp;<\/p>\n<p><a href=\"https:\/\/hidk.hr\/wp-content\/uploads\/2019\/05\/Program-Zagreb-Book-Festival.pdf\" target=\"_blank\">Program Zagreb Book Festival<\/a><\/p>","protected":false},"excerpt":{"rendered":"<p>Pozivamo vas na predstavljanje sveu\u010dili\u0161nog ud\u017ebenika Kreativni pristup lektiri, autorica doc. dr. sc. Marine Gabelica i prof. dr. sc. Dubravke Te\u017eak koje \u0107e se odr\u017eati u sklopu Zagreb Book Festivala, 21. svibnja 2019. u 13 sati u Muzeju za umjetnost i obrt. Pozivnicu, kao i cjeloviti program Festivala mo\u017eete prona\u0107i u prilogu. Radujemo se va\u0161em&#8230;<\/p>","protected":false},"author":2,"featured_media":0,"comment_status":"open","ping_status":"open","sticky":false,"template":"","format":"standard","meta":{"footnotes":""},"categories":[35],"tags":[],"class_list":["post-1092","post","type-post","status-publish","format-standard","hentry","category-naslovna"],"post_mailing_queue_ids":[],"_links":{"self":[{"href":"https:\/\/hidk.hr\/en\/wp-json\/wp\/v2\/posts\/1092","targetHints":{"allow":["GET"]}}],"collection":[{"href":"https:\/\/hidk.hr\/en\/wp-json\/wp\/v2\/posts"}],"about":[{"href":"https:\/\/hidk.hr\/en\/wp-json\/wp\/v2\/types\/post"}],"author":[{"embeddable":true,"href":"https:\/\/hidk.hr\/en\/wp-json\/wp\/v2\/users\/2"}],"replies":[{"embeddable":true,"href":"https:\/\/hidk.hr\/en\/wp-json\/wp\/v2\/comments?post=1092"}],"version-history":[{"count":2,"href":"https:\/\/hidk.hr\/en\/wp-json\/wp\/v2\/posts\/1092\/revisions"}],"predecessor-version":[{"id":1097,"href":"https:\/\/hidk.hr\/en\/wp-json\/wp\/v2\/posts\/1092\/revisions\/1097"}],"wp:attachment":[{"href":"https:\/\/hidk.hr\/en\/wp-json\/wp\/v2\/media?parent=1092"}],"wp:term":[{"taxonomy":"category","embeddable":true,"href":"https:\/\/hidk.hr\/en\/wp-json\/wp\/v2\/categories?post=1092"},{"taxonomy":"post_tag","embeddable":true,"href":"https:\/\/hidk.hr\/en\/wp-json\/wp\/v2\/tags?post=1092"}],"curies":[{"name":"wp","href":"https:\/\/api.w.org\/{rel}","templated":true}]}}