{"id":1131,"date":"2020-02-10T08:23:13","date_gmt":"2020-02-10T08:23:13","guid":{"rendered":"http:\/\/hidk.hr\/?p=1131"},"modified":"2022-10-15T10:57:19","modified_gmt":"2022-10-15T10:57:19","slug":"promocija-djecje-citanke-o-zdravlju-ivane-brlic-mazuranic-i-vladimira-kirina","status":"publish","type":"post","link":"https:\/\/hidk.hr\/en\/promocija-djecje-citanke-o-zdravlju-ivane-brlic-mazuranic-i-vladimira-kirina\/","title":{"rendered":"Promocija &#8220;Dje\u010dje \u010ditanke o zdravlju&#8221;, Ivane Brli\u0107-Ma\u017eurani\u0107 i Vladimira Kirina"},"content":{"rendered":"<p>Pozivamo vas na promociju knjige \u201eDJE\u010cJA \u010cITANKA O ZDRAVLJU\u201c, autorice Ivane Brli\u0107 Ma\u017eurani\u0107\u00a0 i ilustratora Vladimira Kirina.<\/p>\n<p>Promocija \u0107e se odr\u017eati 14. velja\u010de 2020. u \u0160koli narodnog zdravlja \u201eAndrija \u0160tampar\u201c, Rockefellerova 4, u dvorani A u 12.30 sati.<\/p>\n<p><a href=\"https:\/\/hidk.hr\/wp-content\/uploads\/2020\/02\/Dje\u010dja-\u010ditanka-o-zdravlju-pozivnica.jpg\" target=\"_blank\" rel=\"noopener\"><img loading=\"lazy\" decoding=\"async\" class=\"aligncenter wp-image-1132 size-medium\" src=\"https:\/\/hidk.hr\/wp-content\/uploads\/2020\/02\/Dje\u010dja-\u010ditanka-o-zdravlju-pozivnica-211x300.jpg\" alt=\"Dje\u010dja \u010ditanka o zdravlju-pozivnica\" width=\"211\" height=\"300\" srcset=\"https:\/\/hidk.hr\/wp-content\/uploads\/2020\/02\/Dje\u010dja-\u010ditanka-o-zdravlju-pozivnica-211x300.jpg 211w, https:\/\/hidk.hr\/wp-content\/uploads\/2020\/02\/Dje\u010dja-\u010ditanka-o-zdravlju-pozivnica-600x853.jpg 600w, https:\/\/hidk.hr\/wp-content\/uploads\/2020\/02\/Dje\u010dja-\u010ditanka-o-zdravlju-pozivnica-768x1092.jpg 768w, https:\/\/hidk.hr\/wp-content\/uploads\/2020\/02\/Dje\u010dja-\u010ditanka-o-zdravlju-pozivnica-720x1024.jpg 720w, https:\/\/hidk.hr\/wp-content\/uploads\/2020\/02\/Dje\u010dja-\u010ditanka-o-zdravlju-pozivnica.jpg 1746w\" sizes=\"auto, (max-width: 211px) 100vw, 211px\" \/><\/a><\/p>","protected":false},"excerpt":{"rendered":"<p>Pozivamo vas na promociju knjige \u201eDJE\u010cJA \u010cITANKA O ZDRAVLJU\u201c, autorice Ivane Brli\u0107 Ma\u017eurani\u0107\u00a0 i ilustratora Vladimira Kirina. Promocija \u0107e se odr\u017eati 14. velja\u010de 2020. u \u0160koli narodnog zdravlja \u201eAndrija \u0160tampar\u201c, Rockefellerova 4, u dvorani A u 12.30 sati.<\/p>","protected":false},"author":2,"featured_media":0,"comment_status":"open","ping_status":"open","sticky":false,"template":"","format":"standard","meta":{"footnotes":""},"categories":[35,2],"tags":[],"class_list":["post-1131","post","type-post","status-publish","format-standard","hentry","category-naslovna","category-novosti"],"post_mailing_queue_ids":[],"_links":{"self":[{"href":"https:\/\/hidk.hr\/en\/wp-json\/wp\/v2\/posts\/1131","targetHints":{"allow":["GET"]}}],"collection":[{"href":"https:\/\/hidk.hr\/en\/wp-json\/wp\/v2\/posts"}],"about":[{"href":"https:\/\/hidk.hr\/en\/wp-json\/wp\/v2\/types\/post"}],"author":[{"embeddable":true,"href":"https:\/\/hidk.hr\/en\/wp-json\/wp\/v2\/users\/2"}],"replies":[{"embeddable":true,"href":"https:\/\/hidk.hr\/en\/wp-json\/wp\/v2\/comments?post=1131"}],"version-history":[{"count":3,"href":"https:\/\/hidk.hr\/en\/wp-json\/wp\/v2\/posts\/1131\/revisions"}],"predecessor-version":[{"id":1603,"href":"https:\/\/hidk.hr\/en\/wp-json\/wp\/v2\/posts\/1131\/revisions\/1603"}],"wp:attachment":[{"href":"https:\/\/hidk.hr\/en\/wp-json\/wp\/v2\/media?parent=1131"}],"wp:term":[{"taxonomy":"category","embeddable":true,"href":"https:\/\/hidk.hr\/en\/wp-json\/wp\/v2\/categories?post=1131"},{"taxonomy":"post_tag","embeddable":true,"href":"https:\/\/hidk.hr\/en\/wp-json\/wp\/v2\/tags?post=1131"}],"curies":[{"name":"wp","href":"https:\/\/api.w.org\/{rel}","templated":true}]}}