{"id":1144,"date":"2020-02-20T21:21:12","date_gmt":"2020-02-20T21:21:12","guid":{"rendered":"http:\/\/hidk.hr\/?p=1144"},"modified":"2022-10-15T10:56:56","modified_gmt":"2022-10-15T10:56:56","slug":"poziv-na-predstavljanje-knjiga","status":"publish","type":"post","link":"https:\/\/hidk.hr\/en\/poziv-na-predstavljanje-knjiga\/","title":{"rendered":"Poziv na predstavljanje knjiga"},"content":{"rendered":"<p>Pozivamo vas na predstavljanje knjiga nastavnika Katedre za hrvatski jezik i knji\u017eevnost, scensku i medijsku kulturu U\u010diteljskog fakulteta Sveu\u010dili\u0161ta u Zagrebu.<\/p><p>Predstavljanje \u0107e se odr\u017eati povodom Me\u0111unarodnoga dana materinskoga jezika\u00a0<strong>21. velja\u010de u 13.00 sati u dvorani 308\u00a0<\/strong>na U\u010diteljskom fakultetu, na adresi Savska cesta 77, Zagreb.<\/p><p>&nbsp;<\/p><figure class=\"wp-block-image size-large\"><img loading=\"lazy\" decoding=\"async\" width=\"1024\" height=\"730\" class=\"wp-image-1145\" src=\"https:\/\/hidk.hr\/wp-content\/uploads\/2020\/02\/Pozivnica_UFZG_Katedra_za_hrvatski_jezik-1024x730.jpg\" alt=\"\" srcset=\"https:\/\/hidk.hr\/wp-content\/uploads\/2020\/02\/Pozivnica_UFZG_Katedra_za_hrvatski_jezik-1024x730.jpg 1024w, https:\/\/hidk.hr\/wp-content\/uploads\/2020\/02\/Pozivnica_UFZG_Katedra_za_hrvatski_jezik-600x428.jpg 600w, https:\/\/hidk.hr\/wp-content\/uploads\/2020\/02\/Pozivnica_UFZG_Katedra_za_hrvatski_jezik-300x214.jpg 300w, https:\/\/hidk.hr\/wp-content\/uploads\/2020\/02\/Pozivnica_UFZG_Katedra_za_hrvatski_jezik-768x548.jpg 768w, https:\/\/hidk.hr\/wp-content\/uploads\/2020\/02\/Pozivnica_UFZG_Katedra_za_hrvatski_jezik.jpg 1287w\" sizes=\"auto, (max-width: 1024px) 100vw, 1024px\" \/><\/figure>","protected":false},"excerpt":{"rendered":"<p>Pozivamo vas na predstavljanje knjiga nastavnika Katedre za hrvatski jezik i knji\u017eevnost, scensku i medijsku kulturu U\u010diteljskog fakulteta Sveu\u010dili\u0161ta u Zagrebu. Predstavljanje \u0107e se odr\u017eati povodom Me\u0111unarodnoga dana materinskoga jezika\u00a021. velja\u010de u 13.00 sati u dvorani 308\u00a0na U\u010diteljskom fakultetu, na adresi Savska cesta 77, Zagreb. &nbsp;<\/p>","protected":false},"author":2,"featured_media":0,"comment_status":"open","ping_status":"open","sticky":false,"template":"","format":"standard","meta":{"footnotes":""},"categories":[35,2],"tags":[],"class_list":["post-1144","post","type-post","status-publish","format-standard","hentry","category-naslovna","category-novosti"],"post_mailing_queue_ids":[],"_links":{"self":[{"href":"https:\/\/hidk.hr\/en\/wp-json\/wp\/v2\/posts\/1144","targetHints":{"allow":["GET"]}}],"collection":[{"href":"https:\/\/hidk.hr\/en\/wp-json\/wp\/v2\/posts"}],"about":[{"href":"https:\/\/hidk.hr\/en\/wp-json\/wp\/v2\/types\/post"}],"author":[{"embeddable":true,"href":"https:\/\/hidk.hr\/en\/wp-json\/wp\/v2\/users\/2"}],"replies":[{"embeddable":true,"href":"https:\/\/hidk.hr\/en\/wp-json\/wp\/v2\/comments?post=1144"}],"version-history":[{"count":4,"href":"https:\/\/hidk.hr\/en\/wp-json\/wp\/v2\/posts\/1144\/revisions"}],"predecessor-version":[{"id":1602,"href":"https:\/\/hidk.hr\/en\/wp-json\/wp\/v2\/posts\/1144\/revisions\/1602"}],"wp:attachment":[{"href":"https:\/\/hidk.hr\/en\/wp-json\/wp\/v2\/media?parent=1144"}],"wp:term":[{"taxonomy":"category","embeddable":true,"href":"https:\/\/hidk.hr\/en\/wp-json\/wp\/v2\/categories?post=1144"},{"taxonomy":"post_tag","embeddable":true,"href":"https:\/\/hidk.hr\/en\/wp-json\/wp\/v2\/tags?post=1144"}],"curies":[{"name":"wp","href":"https:\/\/api.w.org\/{rel}","templated":true}]}}