{"id":1149,"date":"2020-02-26T10:21:47","date_gmt":"2020-02-26T10:21:47","guid":{"rendered":"http:\/\/hidk.hr\/?p=1149"},"modified":"2022-10-15T10:56:40","modified_gmt":"2022-10-15T10:56:40","slug":"praksa-svijeta-biografija-ivane-brlic-mazuranic","status":"publish","type":"post","link":"https:\/\/hidk.hr\/en\/praksa-svijeta-biografija-ivane-brlic-mazuranic\/","title":{"rendered":"Praksa svijeta: biografija Ivane Brli\u0107-Ma\u017eurani\u0107"},"content":{"rendered":"<p>Pozivamo vas na predstavljanje knjige \u201ePraksa svijeta: biografija Ivane Brli\u0107 Ma\u017eurani\u0107\u201c autorice Dubravka Zima.<\/p><p>O knjizi \u0107e govoriti:<\/p><p>Dr. sc. Marijana Hamer\u0161ak, recenzentica<\/p><p>Dr. sc. Marina Protrka \u0160timec<\/p><p>Dr. sc. Dubravka Zima (autorica)<\/p><p>Promocija \u0107e se odr\u017eati u <strong>petak, 28. velja\u010de 2020<\/strong>, u Knji\u017enici i \u010ditaonici Bogdana Ogrizovi\u0107a, s po\u010detkom u <strong>19.30 sati<\/strong>.<\/p><figure class=\"wp-block-image size-large\"><img loading=\"lazy\" decoding=\"async\" width=\"1024\" height=\"490\" class=\"wp-image-1150\" src=\"https:\/\/hidk.hr\/wp-content\/uploads\/2020\/02\/poziv-ibm-1024x490.jpg\" alt=\"\" srcset=\"https:\/\/hidk.hr\/wp-content\/uploads\/2020\/02\/poziv-ibm-1024x490.jpg 1024w, https:\/\/hidk.hr\/wp-content\/uploads\/2020\/02\/poziv-ibm-600x287.jpg 600w, https:\/\/hidk.hr\/wp-content\/uploads\/2020\/02\/poziv-ibm-300x144.jpg 300w, https:\/\/hidk.hr\/wp-content\/uploads\/2020\/02\/poziv-ibm-768x368.jpg 768w, https:\/\/hidk.hr\/wp-content\/uploads\/2020\/02\/poziv-ibm.jpg 1358w\" sizes=\"auto, (max-width: 1024px) 100vw, 1024px\" \/><\/figure><p>Ivana Brli\u0107-Ma\u017eurani\u0107 nedvojbeno je, kako se to nagla\u0161ava i u uvodu ove knjige, najva\u017enija autorica hrvatske dje\u010dje knji\u017eevnosti i me\u0111u najva\u017enijim autorima hrvatske nedje\u010dje knji\u017eevnosti, \u201ekanonizirana, interpretirana, prevo\u0111ena i antologizirana gotovo od po\u010detaka stvaranja\u201c. Na njezina se djela referira u doma\u0107im i inozemnim pregledima dje\u010dje i nedje\u010dje knji\u017eevnosti, ona su ve\u0107 desetlje\u0107ima uvr\u0161tena u \u0161kolsku lektiru, dostupna su u brojnim izdanjima i remedijalizacijama, kao i u reprezentativnom i za hrvatske prilike sve vi\u0161e endemskom formatu kriti\u010dkih sabranih djela.<\/p><p>Ona su k tomu redovito referirana u popularnoj kulturi, ali i \u0161ire, u povijesno s knji\u017eevno\u0161\u0107u uglavnom nikako ili rubno vezanim kontekstima, poput turisti\u010dkog, uz stalan rast akademskog interesa koji je kulminirao u ovom desetlje\u0107u u okviru obilje\u017eavanja stogodi\u0161njica objavljivanja dva najzna\u010dajnija djela Ivane Brli\u0107-Ma\u017eurani\u0107: romana o \u0161egrtu Hlapi\u0107u i\u00a0<em>Pri\u010da iz davnine<\/em>. No, unato\u010d ovoj doista zavidnoj, opse\u017enoj i dugotrajnoj recepciji, jedno je va\u017eno mjesto poeti\u010dke, politi\u010dke i intimne figure Ivane Brli\u0107-Ma\u017eurani\u0107 do danas ostalo istra\u017eiva\u010dki izazov. To je prije svega, kako autorica formulira, \u201enjezino simboli\u010dno i eksplicitno prihva\u0107anje klasnih i reprezentacijskih o\u010dekivanja devetnaestostoljetnih javnih i privatnih rodnih politika\u201c.<\/p><p>Nastavljaju\u0107i se na suvremena istra\u017eivanja opusa i \u017eivota Ivane Brli\u0107-Ma\u017eurani\u0107, kao i na aktualne teorijske pristupe u referentnim podru\u010djima, prije svega knji\u017eevne povijesti te u nas jo\u0161 uvijek mlade mikropovijesti ili kulturne povijesti i njezinih brojnih ogranaka (povijesti svakodnevice, povijesti djevoja\u0161tva, povijesti prehrane i dr.), Dubravka Zima u ovoj knjizi temeljito, akademski relevantno i poticajno preispituje, revidira i nadopunjuje \u201eokamenjena\u201c znanja, perspektive i uvide o jednoj od najzna\u010dajnijih hrvatskih knji\u017eevnica.<\/p>","protected":false},"excerpt":{"rendered":"<p>Pozivamo vas na predstavljanje knjige \u201ePraksa svijeta: biografija Ivane Brli\u0107 Ma\u017eurani\u0107\u201c autorice Dubravka Zima. O knjizi \u0107e govoriti: Dr. sc. Marijana Hamer\u0161ak, recenzentica Dr. sc. Marina Protrka \u0160timec Dr. sc. Dubravka Zima (autorica) Promocija \u0107e se odr\u017eati u petak, 28. velja\u010de 2020, u Knji\u017enici i \u010ditaonici Bogdana Ogrizovi\u0107a, s po\u010detkom u 19.30 sati. Ivana Brli\u0107-Ma\u017eurani\u0107&#8230;<\/p>","protected":false},"author":2,"featured_media":0,"comment_status":"open","ping_status":"open","sticky":false,"template":"","format":"standard","meta":{"footnotes":""},"categories":[35,2],"tags":[],"class_list":["post-1149","post","type-post","status-publish","format-standard","hentry","category-naslovna","category-novosti"],"post_mailing_queue_ids":[],"_links":{"self":[{"href":"https:\/\/hidk.hr\/en\/wp-json\/wp\/v2\/posts\/1149","targetHints":{"allow":["GET"]}}],"collection":[{"href":"https:\/\/hidk.hr\/en\/wp-json\/wp\/v2\/posts"}],"about":[{"href":"https:\/\/hidk.hr\/en\/wp-json\/wp\/v2\/types\/post"}],"author":[{"embeddable":true,"href":"https:\/\/hidk.hr\/en\/wp-json\/wp\/v2\/users\/2"}],"replies":[{"embeddable":true,"href":"https:\/\/hidk.hr\/en\/wp-json\/wp\/v2\/comments?post=1149"}],"version-history":[{"count":3,"href":"https:\/\/hidk.hr\/en\/wp-json\/wp\/v2\/posts\/1149\/revisions"}],"predecessor-version":[{"id":1601,"href":"https:\/\/hidk.hr\/en\/wp-json\/wp\/v2\/posts\/1149\/revisions\/1601"}],"wp:attachment":[{"href":"https:\/\/hidk.hr\/en\/wp-json\/wp\/v2\/media?parent=1149"}],"wp:term":[{"taxonomy":"category","embeddable":true,"href":"https:\/\/hidk.hr\/en\/wp-json\/wp\/v2\/categories?post=1149"},{"taxonomy":"post_tag","embeddable":true,"href":"https:\/\/hidk.hr\/en\/wp-json\/wp\/v2\/tags?post=1149"}],"curies":[{"name":"wp","href":"https:\/\/api.w.org\/{rel}","templated":true}]}}