{"id":1154,"date":"2020-03-27T23:01:16","date_gmt":"2020-03-27T23:01:16","guid":{"rendered":"http:\/\/hidk.hr\/?p=1154"},"modified":"2020-03-27T23:01:16","modified_gmt":"2020-03-27T23:01:16","slug":"zanimljiva-inicijativa-u-ceskoj","status":"publish","type":"post","link":"https:\/\/hidk.hr\/en\/zanimljiva-inicijativa-u-ceskoj\/","title":{"rendered":"Zanimljiva inicijativa u \u010ce\u0161koj"},"content":{"rendered":"<p>Prijateljica HIDK, ravnateljica Narodnog pedago\u0161kog muzeja J. A. Komensk\u00fd\u00a0u Pragu,\u00a0<em>Mark\u00e9ta P\u00e1nkov\u00e1<\/em>, poslala je crte\u017e Jana Amosa Komenskog (na\u010dinio ga je Luk\u00e1\u0161 Fibrich) kojim \u017eele pozvati \u010de\u0161ku djecu i studente da dosljedno nose masku: <\/p><blockquote class=\"wp-block-quote is-style-large is-layout-flow wp-block-quote-is-layout-flow\"><p>\u201eDjeco, stavite maske, epidemija je!\u201c <\/p><\/blockquote><p>Ho\u0107emo li se pridru\u017eiti \u010de\u0161kim prijateljima u nastojanju da \u0161to prije i bezbolnije okon\u010damo ovu epsku bitku s virusom? <\/p><p>Hvala Marketi Pankovoj na incijativi i duhovitom crte\u017eu: kako ne poslu\u0161ati poziv najzna\u010dajnijeg u\u010ditelja u povijesti \u0161kolstva? <\/p><p><\/p><figure class=\"wp-block-image size-large\"><img loading=\"lazy\" decoding=\"async\" width=\"1024\" height=\"954\" src=\"https:\/\/hidk.hr\/wp-content\/uploads\/2020\/03\/Komensky_epidemija-je-1024x954.jpg\" alt=\"\" class=\"wp-image-1155\" srcset=\"https:\/\/hidk.hr\/wp-content\/uploads\/2020\/03\/Komensky_epidemija-je-1024x954.jpg 1024w, https:\/\/hidk.hr\/wp-content\/uploads\/2020\/03\/Komensky_epidemija-je-600x559.jpg 600w, https:\/\/hidk.hr\/wp-content\/uploads\/2020\/03\/Komensky_epidemija-je-300x279.jpg 300w, https:\/\/hidk.hr\/wp-content\/uploads\/2020\/03\/Komensky_epidemija-je-768x715.jpg 768w, https:\/\/hidk.hr\/wp-content\/uploads\/2020\/03\/Komensky_epidemija-je-1536x1430.jpg 1536w, https:\/\/hidk.hr\/wp-content\/uploads\/2020\/03\/Komensky_epidemija-je-2048x1907.jpg 2048w\" sizes=\"auto, (max-width: 1024px) 100vw, 1024px\" \/><\/figure>","protected":false},"excerpt":{"rendered":"<p>Prijateljica HIDK, ravnateljica Narodnog pedago\u0161kog muzeja J. A. Komensk\u00fd\u00a0u Pragu,\u00a0Mark\u00e9ta P\u00e1nkov\u00e1, poslala je crte\u017e Jana Amosa Komenskog (na\u010dinio ga je Luk\u00e1\u0161 Fibrich) kojim \u017eele pozvati \u010de\u0161ku djecu i studente da dosljedno nose masku: \u201eDjeco, stavite maske, epidemija je!\u201c Ho\u0107emo li se pridru\u017eiti \u010de\u0161kim prijateljima u nastojanju da \u0161to prije i bezbolnije okon\u010damo ovu epsku bitku&#8230;<\/p>","protected":false},"author":2,"featured_media":0,"comment_status":"open","ping_status":"open","sticky":false,"template":"","format":"standard","meta":{"footnotes":""},"categories":[35],"tags":[],"class_list":["post-1154","post","type-post","status-publish","format-standard","hentry","category-naslovna"],"post_mailing_queue_ids":[],"_links":{"self":[{"href":"https:\/\/hidk.hr\/en\/wp-json\/wp\/v2\/posts\/1154","targetHints":{"allow":["GET"]}}],"collection":[{"href":"https:\/\/hidk.hr\/en\/wp-json\/wp\/v2\/posts"}],"about":[{"href":"https:\/\/hidk.hr\/en\/wp-json\/wp\/v2\/types\/post"}],"author":[{"embeddable":true,"href":"https:\/\/hidk.hr\/en\/wp-json\/wp\/v2\/users\/2"}],"replies":[{"embeddable":true,"href":"https:\/\/hidk.hr\/en\/wp-json\/wp\/v2\/comments?post=1154"}],"version-history":[{"count":2,"href":"https:\/\/hidk.hr\/en\/wp-json\/wp\/v2\/posts\/1154\/revisions"}],"predecessor-version":[{"id":1157,"href":"https:\/\/hidk.hr\/en\/wp-json\/wp\/v2\/posts\/1154\/revisions\/1157"}],"wp:attachment":[{"href":"https:\/\/hidk.hr\/en\/wp-json\/wp\/v2\/media?parent=1154"}],"wp:term":[{"taxonomy":"category","embeddable":true,"href":"https:\/\/hidk.hr\/en\/wp-json\/wp\/v2\/categories?post=1154"},{"taxonomy":"post_tag","embeddable":true,"href":"https:\/\/hidk.hr\/en\/wp-json\/wp\/v2\/tags?post=1154"}],"curies":[{"name":"wp","href":"https:\/\/api.w.org\/{rel}","templated":true}]}}