{"id":1177,"date":"2020-10-02T10:08:34","date_gmt":"2020-10-02T10:08:34","guid":{"rendered":"http:\/\/hidk.hr\/?p=1177"},"modified":"2020-10-02T10:23:51","modified_gmt":"2020-10-02T10:23:51","slug":"posljednji-pozdrav-snjezani-grkovic-janovic","status":"publish","type":"post","link":"https:\/\/hidk.hr\/en\/posljednji-pozdrav-snjezani-grkovic-janovic\/","title":{"rendered":"Posljednji pozdrav Snje\u017eani Grkovi\u0107-Janovi\u0107"},"content":{"rendered":"<div class=\"wp-block-image\"><figure class=\"aligncenter size-medium\"><img loading=\"lazy\" decoding=\"async\" width=\"196\" height=\"300\" src=\"https:\/\/hidk.hr\/wp-content\/uploads\/2020\/10\/SGJ4-copy-196x300.jpg\" alt=\"\" class=\"wp-image-1178\" srcset=\"https:\/\/hidk.hr\/wp-content\/uploads\/2020\/10\/SGJ4-copy-196x300.jpg 196w, https:\/\/hidk.hr\/wp-content\/uploads\/2020\/10\/SGJ4-copy.jpg 551w\" sizes=\"auto, (max-width: 196px) 100vw, 196px\" \/><\/figure><\/div><p> Dana 1. 10.  u 87. godini \u017eivota umrla je Snje\u017eana Grkovi\u0107-Janovi\u0107, knji\u017eevnica, socijalna radnica, profesorica i u\u010diteljica. Izra\u017eavamo su\u0107ut obitelji i prijateljima te donosimo kra\u0107u biografiju cijenjene autorice.<\/p><p>Ro\u0111ena 1933. godine u lije\u010dni\u010dkoj obitelji, Snje\u017eana Grkovi\u0107-Janovi\u0107 odrastala je u Zagrebu i Splitu. U\u010diteljsku \u0161kolu zavr\u0161ila je u Sarajevu 1951. godine. Nakon u\u010diteljske prakse u bosanskom selu, zapo\u010dela je studij knji\u017eevnosti i diplomirala na Filozofskom fakultetu u Sarajevu 1958. godine. Stekla je i diplomu Vi\u0161e \u0161kole za socijalne radnike u Beogradu 1960. godine Zahvaljuju\u0107i me\u0111unarodnoj stipendiji (Cleveland International Program), usavr\u0161ila se u primjeni grupnog socijalnog rada s djecom i mladima. U Splitu \u017eivi od 1970. godine. Nagradu Op\u0107ine Split dobila je za osnivanje i razvoj savjetovali\u0161ta za roditelje i dje\u010djih radionica pri osnovnim \u0161kolama. Snje\u017eana Grkovi\u0107-Janovi\u0107 \u010dlanica je Hrvatskog dru\u0161tva knji\u017eevnika za djecu i mlade.<\/p><p>Roman za djecu Striborovim stazama njeno je prvo cjelovito objavljeno djelo (LAUS, Split, 1997.). Zajedno s likovnim umjetnicama Dijanom Nazor i Koraljkom Pola\u010dek napisala je pri\u010du Tin u zemlji Kilikiki (Hrvatski institut za preporod kulture \u201cFilip i Jakov\u201d, Samobor, 2001.; drugo izdanje 2003.). Njezin roman Ukradeno prolje\u0107e (\u0160kolska knjiga, Zagreb, 2002.) osvojio je drugu nagradu Ivana Brli\u0107-Ma\u017eurani\u0107 za 2001. godinu. Roman za djecu Velebitske vilin-staze objavila je Naklada Bo\u0161kovi\u0107 (Split, 2002.; drugo izdanje 2009.), a isti je nakladnik 2003. objavio biografsko i kulturno-povijesno djelo Sestra Lujza, memoarske zapise \u010carobni bre\u017euljak, te roman za djecu \u010cuvar drveta (Split, 2004.). Autori\u010dini eseji Postupajte s bajkom tanko\u0107utno i teto\u0161no i Osam mudrosti Ivane Brli\u0107-Ma\u017eurani\u0107, te Rje\u010dnik manje poznatih rije\u010di objavljeni su 2004. godine u sklopu Pri\u010da iz davnine Ivane Brli\u0107-Ma\u017eurani\u0107 u nakladi Golden marketinga (Zagreb) prema izdanju iz 1926. godine. Dugin grad, memoarsku prozu o \u017eivotu i ljudima Sarajeva (s dvije pridru\u017eene du\u017ee pripovijetke) objavila je Naklada Bo\u0161kovi\u0107 (Split, 2006.), a isti je nakladnik objavio bra\u010dku povjesticu Svetac na otoku (2006.), te zbirku pripovijedaka Voda koja se smije (2007.). Uredila je i komentarima opremila knjigu Lujzin dnevnik, dnevni\u010dke zapise njene majke Lujze Janovi\u0107-Wagner iz Drugog svjetskog rata (Srednja Europa, Zagreb, 2008.). Naklada Ibis grafika izdala je 2010. godine dramu \u0106itra Rabindranata Tagorea u prijevodu \u0160pire Janovi\u0107a, koju je autorica uredila i popratila prate\u0107im tekstom. Roman za djecu Zlatna vrata objavila je Naklada Bo\u0161kovi\u0107 (Split, 2010.). Memoarske zapise Boje jednog vremena objavila je nakladni\u010dka ku\u0107a Srednja Europa (Zagreb, 2011.) kao i memoarsku prozu o najranijim sje\u0107anjima iz djetinjstva Za\u0161ti\u0107ena djetinjstva (2017.). Roman za djecu Ibu\u0161 i stranac objavila je Naklada Bo\u0161kovi\u0107 u Splitu 2019.\n\n<\/p>","protected":false},"excerpt":{"rendered":"<p>Dana 1. 10. u 87. godini \u017eivota umrla je Snje\u017eana Grkovi\u0107-Janovi\u0107, knji\u017eevnica, socijalna radnica, profesorica i u\u010diteljica. Izra\u017eavamo su\u0107ut obitelji i prijateljima te donosimo kra\u0107u biografiju cijenjene autorice. Ro\u0111ena 1933. godine u lije\u010dni\u010dkoj obitelji, Snje\u017eana Grkovi\u0107-Janovi\u0107 odrastala je u Zagrebu i Splitu. U\u010diteljsku \u0161kolu zavr\u0161ila je u Sarajevu 1951. godine. Nakon u\u010diteljske prakse u bosanskom&#8230;<\/p>","protected":false},"author":2,"featured_media":0,"comment_status":"open","ping_status":"open","sticky":false,"template":"","format":"standard","meta":{"footnotes":""},"categories":[35,2],"tags":[],"class_list":["post-1177","post","type-post","status-publish","format-standard","hentry","category-naslovna","category-novosti"],"post_mailing_queue_ids":[],"_links":{"self":[{"href":"https:\/\/hidk.hr\/en\/wp-json\/wp\/v2\/posts\/1177","targetHints":{"allow":["GET"]}}],"collection":[{"href":"https:\/\/hidk.hr\/en\/wp-json\/wp\/v2\/posts"}],"about":[{"href":"https:\/\/hidk.hr\/en\/wp-json\/wp\/v2\/types\/post"}],"author":[{"embeddable":true,"href":"https:\/\/hidk.hr\/en\/wp-json\/wp\/v2\/users\/2"}],"replies":[{"embeddable":true,"href":"https:\/\/hidk.hr\/en\/wp-json\/wp\/v2\/comments?post=1177"}],"version-history":[{"count":3,"href":"https:\/\/hidk.hr\/en\/wp-json\/wp\/v2\/posts\/1177\/revisions"}],"predecessor-version":[{"id":1181,"href":"https:\/\/hidk.hr\/en\/wp-json\/wp\/v2\/posts\/1177\/revisions\/1181"}],"wp:attachment":[{"href":"https:\/\/hidk.hr\/en\/wp-json\/wp\/v2\/media?parent=1177"}],"wp:term":[{"taxonomy":"category","embeddable":true,"href":"https:\/\/hidk.hr\/en\/wp-json\/wp\/v2\/categories?post=1177"},{"taxonomy":"post_tag","embeddable":true,"href":"https:\/\/hidk.hr\/en\/wp-json\/wp\/v2\/tags?post=1177"}],"curies":[{"name":"wp","href":"https:\/\/api.w.org\/{rel}","templated":true}]}}