{"id":1551,"date":"2022-04-27T14:23:24","date_gmt":"2022-04-27T14:23:24","guid":{"rendered":"http:\/\/hidk.hr\/?p=1551"},"modified":"2022-04-27T14:23:24","modified_gmt":"2022-04-27T14:23:24","slug":"intervju-sa-smiljanom-narancic-kovac-u-knjizevnom-listu-za-umjetnost-kulturu-i-znanost-vijenac","status":"publish","type":"post","link":"https:\/\/hidk.hr\/en\/intervju-sa-smiljanom-narancic-kovac-u-knjizevnom-listu-za-umjetnost-kulturu-i-znanost-vijenac\/","title":{"rendered":"Intervju sa Smiljanom Naran\u010di\u0107 Kova\u010d u Knji\u017eevnom listu za umjetnost, kulturu i znanost Vijenac"},"content":{"rendered":"<p>Izuzetno nam je drago \u0161to vas mo\u017eemo obavijestiti kako je u <strong>Knji\u017eevnom listu za umjetnost, kulturu i znanost Vijenac<\/strong> objavljen intervju s glavnom urednicom na\u0161ega \u010dasopisa <em>Libri &amp; Liberi<\/em> <strong>Smiljanom Naran\u010di\u0107 Kova\u010d<\/strong> povodom objavljenih deset godi\u0161ta \u010dasopisa.<\/p>\n<p>Izv. prof. dr. sc. Smiljana Naran\u010di\u0107 Kova\u010d u intervjuu odgovara na pitanja o polo\u017eaju dje\u010dje knji\u017eevnosti unutar akademske zajednice i javnog diskursa, nastanku i utjecaju <strong>Hrvatske udruge istra\u017eiva\u010da dje\u010dje knji\u017eevnosti<\/strong> i \u010dasopisa <em><strong>Libri &amp; Liberi<\/strong><\/em> na dje\u010dju knji\u017eevnost, povijesnom razvoju dje\u010dje knji\u017eevnosti te na mnoga druga zanimljiva pitanja.\u00a0 Intervju mo\u017eete pro\u010ditati<strong> <a href=\"https:\/\/www.matica.hr\/vijenac\/733\/i-dalje-najvise-citaju-djeca-32952\/\" target=\"_blank\" rel=\"noopener noreferrer\">OVDJE<\/a>.\u00a0<\/strong><\/p>\n<p>\u010casopis <em><strong>Libri &amp; Liberi<\/strong><\/em> u deset je godina svoga postojanja uspio dose\u0107i visoke standarde u doma\u0107oj, ali i me\u0111unarodnoj akademskoj zajednici. Na tome zahvaljujemo ponajprije <strong>izv. prof. dr. sc. Smiljani Naran\u010di\u0107 Kova\u010d<\/strong> koja je svojim entuzijazmom i neumornim radom zarazila cijeli uredni\u010dki tim te im svima \u010destitamo na velikom uspjehu. Ovaj uspjeh slavimo ponosno i svi mi, \u010dlanovi HIDK, jer nas \u010dasopis tako lijepo predstavlja u Hrvatskoj i svijetu.<\/p>\n<p><a href=\"https:\/\/hidk.hr\/wp-content\/uploads\/2022\/04\/LiL-SH.jpg\"><img loading=\"lazy\" decoding=\"async\" class=\"aligncenter size-medium wp-image-1552\" src=\"https:\/\/hidk.hr\/wp-content\/uploads\/2022\/04\/LiL-SH-300x226.jpg\" alt=\"\" width=\"300\" height=\"226\" srcset=\"https:\/\/hidk.hr\/wp-content\/uploads\/2022\/04\/LiL-SH-300x226.jpg 300w, https:\/\/hidk.hr\/wp-content\/uploads\/2022\/04\/LiL-SH.jpg 595w\" sizes=\"auto, (max-width: 300px) 100vw, 300px\" \/><\/a><\/p>\n<p style=\"text-align: center;\"><span style=\"color: #808080;\">autorica fotografije: Silvija Han\u017ei\u0107 Deda<\/span><\/p>","protected":false},"excerpt":{"rendered":"<p>Izuzetno nam je drago \u0161to vas mo\u017eemo obavijestiti kako je u Knji\u017eevnom listu za umjetnost, kulturu i znanost Vijenac objavljen intervju s glavnom urednicom na\u0161ega \u010dasopisa Libri &amp; Liberi Smiljanom Naran\u010di\u0107 Kova\u010d povodom objavljenih deset godi\u0161ta \u010dasopisa. Izv. prof. dr. sc. Smiljana Naran\u010di\u0107 Kova\u010d u intervjuu odgovara na pitanja o polo\u017eaju dje\u010dje knji\u017eevnosti unutar akademske&#8230;<\/p>","protected":false},"author":2,"featured_media":0,"comment_status":"open","ping_status":"open","sticky":false,"template":"","format":"standard","meta":{"footnotes":""},"categories":[4,2],"tags":[],"class_list":["post-1551","post","type-post","status-publish","format-standard","hentry","category-naslovnica","category-novosti"],"post_mailing_queue_ids":[],"_links":{"self":[{"href":"https:\/\/hidk.hr\/en\/wp-json\/wp\/v2\/posts\/1551","targetHints":{"allow":["GET"]}}],"collection":[{"href":"https:\/\/hidk.hr\/en\/wp-json\/wp\/v2\/posts"}],"about":[{"href":"https:\/\/hidk.hr\/en\/wp-json\/wp\/v2\/types\/post"}],"author":[{"embeddable":true,"href":"https:\/\/hidk.hr\/en\/wp-json\/wp\/v2\/users\/2"}],"replies":[{"embeddable":true,"href":"https:\/\/hidk.hr\/en\/wp-json\/wp\/v2\/comments?post=1551"}],"version-history":[{"count":3,"href":"https:\/\/hidk.hr\/en\/wp-json\/wp\/v2\/posts\/1551\/revisions"}],"predecessor-version":[{"id":1555,"href":"https:\/\/hidk.hr\/en\/wp-json\/wp\/v2\/posts\/1551\/revisions\/1555"}],"wp:attachment":[{"href":"https:\/\/hidk.hr\/en\/wp-json\/wp\/v2\/media?parent=1551"}],"wp:term":[{"taxonomy":"category","embeddable":true,"href":"https:\/\/hidk.hr\/en\/wp-json\/wp\/v2\/categories?post=1551"},{"taxonomy":"post_tag","embeddable":true,"href":"https:\/\/hidk.hr\/en\/wp-json\/wp\/v2\/tags?post=1551"}],"curies":[{"name":"wp","href":"https:\/\/api.w.org\/{rel}","templated":true}]}}