{"id":1558,"date":"2022-04-27T14:45:53","date_gmt":"2022-04-27T14:45:53","guid":{"rendered":"http:\/\/hidk.hr\/?p=1558"},"modified":"2022-10-15T10:56:22","modified_gmt":"2022-10-15T10:56:22","slug":"poziv-predavanje-berislava-majhuta-u-hrvatskom-drzavnom-arhivu","status":"publish","type":"post","link":"https:\/\/hidk.hr\/en\/poziv-predavanje-berislava-majhuta-u-hrvatskom-drzavnom-arhivu\/","title":{"rendered":"Poziv &#8211; predavanje Berislava Majhuta u Hrvatskom dr\u017eavnom arhivu"},"content":{"rendered":"<p>Pozivamo vas na predavanje <strong>dr. sc. Berislava Majhuta <\/strong><em>Kako smo sve vidjeli Ivanu Brli\u0107 Ma\u017eurani\u0107? <\/em>koje \u0107e se odr\u017eati <strong>28.4.2022<\/strong>. u <strong>Hrvatskom dr\u017eavnom arhivu,\u00a0<\/strong>u sklopu programa\u00a0<strong>Kulturni \u010detvrtak u HDA.\u00a0<\/strong><\/p>\n<p>Vi\u0161e o predavanju mo\u017eete pro\u010ditati u prilo\u017eenoj pozivnici.<\/p>\n<p><a href=\"https:\/\/hidk.hr\/wp-content\/uploads\/2022\/04\/KULTURNI-\u010cETVRTAK-U-HDA_-Ivana-Brli\u0107-Ma\u017eurani\u0107.jpg\"><img loading=\"lazy\" decoding=\"async\" class=\"aligncenter size-large wp-image-1559\" src=\"https:\/\/hidk.hr\/wp-content\/uploads\/2022\/04\/KULTURNI-\u010cETVRTAK-U-HDA_-Ivana-Brli\u0107-Ma\u017eurani\u0107-791x1024.jpg\" alt=\"\" width=\"720\" height=\"932\" srcset=\"https:\/\/hidk.hr\/wp-content\/uploads\/2022\/04\/KULTURNI-\u010cETVRTAK-U-HDA_-Ivana-Brli\u0107-Ma\u017eurani\u0107-791x1024.jpg 791w, https:\/\/hidk.hr\/wp-content\/uploads\/2022\/04\/KULTURNI-\u010cETVRTAK-U-HDA_-Ivana-Brli\u0107-Ma\u017eurani\u0107-600x776.jpg 600w, https:\/\/hidk.hr\/wp-content\/uploads\/2022\/04\/KULTURNI-\u010cETVRTAK-U-HDA_-Ivana-Brli\u0107-Ma\u017eurani\u0107-232x300.jpg 232w, https:\/\/hidk.hr\/wp-content\/uploads\/2022\/04\/KULTURNI-\u010cETVRTAK-U-HDA_-Ivana-Brli\u0107-Ma\u017eurani\u0107-768x994.jpg 768w, https:\/\/hidk.hr\/wp-content\/uploads\/2022\/04\/KULTURNI-\u010cETVRTAK-U-HDA_-Ivana-Brli\u0107-Ma\u017eurani\u0107-1187x1536.jpg 1187w, https:\/\/hidk.hr\/wp-content\/uploads\/2022\/04\/KULTURNI-\u010cETVRTAK-U-HDA_-Ivana-Brli\u0107-Ma\u017eurani\u0107.jpg 1275w\" sizes=\"auto, (max-width: 720px) 100vw, 720px\" \/><\/a><\/p>","protected":false},"excerpt":{"rendered":"<p>Pozivamo vas na predavanje dr. sc. Berislava Majhuta Kako smo sve vidjeli Ivanu Brli\u0107 Ma\u017eurani\u0107? koje \u0107e se odr\u017eati 28.4.2022. u Hrvatskom dr\u017eavnom arhivu,\u00a0u sklopu programa\u00a0Kulturni \u010detvrtak u HDA.\u00a0 Vi\u0161e o predavanju mo\u017eete pro\u010ditati u prilo\u017eenoj pozivnici.<\/p>","protected":false},"author":2,"featured_media":0,"comment_status":"open","ping_status":"open","sticky":false,"template":"","format":"standard","meta":{"footnotes":""},"categories":[4,2],"tags":[],"class_list":["post-1558","post","type-post","status-publish","format-standard","hentry","category-naslovnica","category-novosti"],"post_mailing_queue_ids":[],"_links":{"self":[{"href":"https:\/\/hidk.hr\/en\/wp-json\/wp\/v2\/posts\/1558","targetHints":{"allow":["GET"]}}],"collection":[{"href":"https:\/\/hidk.hr\/en\/wp-json\/wp\/v2\/posts"}],"about":[{"href":"https:\/\/hidk.hr\/en\/wp-json\/wp\/v2\/types\/post"}],"author":[{"embeddable":true,"href":"https:\/\/hidk.hr\/en\/wp-json\/wp\/v2\/users\/2"}],"replies":[{"embeddable":true,"href":"https:\/\/hidk.hr\/en\/wp-json\/wp\/v2\/comments?post=1558"}],"version-history":[{"count":1,"href":"https:\/\/hidk.hr\/en\/wp-json\/wp\/v2\/posts\/1558\/revisions"}],"predecessor-version":[{"id":1560,"href":"https:\/\/hidk.hr\/en\/wp-json\/wp\/v2\/posts\/1558\/revisions\/1560"}],"wp:attachment":[{"href":"https:\/\/hidk.hr\/en\/wp-json\/wp\/v2\/media?parent=1558"}],"wp:term":[{"taxonomy":"category","embeddable":true,"href":"https:\/\/hidk.hr\/en\/wp-json\/wp\/v2\/categories?post=1558"},{"taxonomy":"post_tag","embeddable":true,"href":"https:\/\/hidk.hr\/en\/wp-json\/wp\/v2\/tags?post=1558"}],"curies":[{"name":"wp","href":"https:\/\/api.w.org\/{rel}","templated":true}]}}