{"id":265,"date":"2014-12-09T10:01:30","date_gmt":"2014-12-09T10:01:30","guid":{"rendered":"http:\/\/hidk.hr\/?p=265"},"modified":"2014-12-09T10:03:43","modified_gmt":"2014-12-09T10:03:43","slug":"istrazivanja-paradigmi-djetinjstva-odgoja-i-obrazovanja","status":"publish","type":"post","link":"https:\/\/hidk.hr\/en\/istrazivanja-paradigmi-djetinjstva-odgoja-i-obrazovanja\/","title":{"rendered":"Istra\u017eivanja paradigmi djetinjstva, odgoja i obrazovanja"},"content":{"rendered":"<p>Drage kolegice i kolege,<\/p>\n<p>srda\u010dno vas pozivamo da svojim izlaganjima sudjelujete u konferenciji &#8220;Istra\u017eivanja paradigmi djetinjstva, odgoja i obrazovanja&#8221; koja \u0107e se odr\u017eati u organizaciji U\u010diteljskog fakulteta Sveu\u010dili\u0161ta u Zagrebu u Opatiji, 13. \u2013 15. travnja 2015.<\/p>\n<p><!--more-->Jedan od simpozija posve\u0107en je tematikama vezanima uz dje\u010dju knji\u017eevnost (Dje\u010dji jezik i kultura). \u017deljeli smo potaknuti \u010dvr\u0161\u0107e povezivanje dje\u010dje knji\u017eevnosti i razli\u010ditih vidova dje\u010dje kulture i povijesti pa i do te mjere da uka\u017eemo na mogu\u0107u povezanost dje\u010dje knji\u017eevnosti i dje\u010djih studija. Krajnja svrha tog povezivanja bilo bi bolje pozicioniranje dje\u010dje knji\u017eevnosti u znanstvenim poljima i granama.<\/p>\n<p>Ujedno, to bi bila prilika da izmijenimo iskustva (ne samo znanstvena ve\u0107 i akademska \u2013 pitanje pozicioniranja dje\u010dje knji\u017eevnosti u akademskom okru\u017eenju).<\/p>\n<p>Ako ste jo\u0161 uvijek u dvojbi prihvatiti poziv ili ne, mi vas najsrda\u010dnije pozivamo da to u\u010dinite!<br \/>\nRok za prijavu sa\u017eetaka produ\u017een je do 6. 1. 2015. godine. Vi\u0161e informacija dostupno je na stranici:<br \/>\n<a href=\"http:\/\/www.penta-pco.com\/congress\/content.php?id=35&amp;pageID=99&amp;lang=HR\">http:\/\/www.penta-pco.com\/congress\/content.php?id=35&amp;pageID=99&amp;lang=HR<\/a><\/p>","protected":false},"excerpt":{"rendered":"<p>Drage kolegice i kolege, srda\u010dno vas pozivamo da svojim izlaganjima sudjelujete u konferenciji &#8220;Istra\u017eivanja paradigmi djetinjstva, odgoja i obrazovanja&#8221; koja \u0107e se odr\u017eati u organizaciji U\u010diteljskog fakulteta Sveu\u010dili\u0161ta u Zagrebu u Opatiji, 13. \u2013 15. travnja 2015.<\/p>","protected":false},"author":1,"featured_media":0,"comment_status":"open","ping_status":"open","sticky":false,"template":"","format":"standard","meta":{"footnotes":""},"categories":[4],"tags":[],"class_list":["post-265","post","type-post","status-publish","format-standard","hentry","category-naslovnica"],"post_mailing_queue_ids":[],"_links":{"self":[{"href":"https:\/\/hidk.hr\/en\/wp-json\/wp\/v2\/posts\/265","targetHints":{"allow":["GET"]}}],"collection":[{"href":"https:\/\/hidk.hr\/en\/wp-json\/wp\/v2\/posts"}],"about":[{"href":"https:\/\/hidk.hr\/en\/wp-json\/wp\/v2\/types\/post"}],"author":[{"embeddable":true,"href":"https:\/\/hidk.hr\/en\/wp-json\/wp\/v2\/users\/1"}],"replies":[{"embeddable":true,"href":"https:\/\/hidk.hr\/en\/wp-json\/wp\/v2\/comments?post=265"}],"version-history":[{"count":5,"href":"https:\/\/hidk.hr\/en\/wp-json\/wp\/v2\/posts\/265\/revisions"}],"predecessor-version":[{"id":270,"href":"https:\/\/hidk.hr\/en\/wp-json\/wp\/v2\/posts\/265\/revisions\/270"}],"wp:attachment":[{"href":"https:\/\/hidk.hr\/en\/wp-json\/wp\/v2\/media?parent=265"}],"wp:term":[{"taxonomy":"category","embeddable":true,"href":"https:\/\/hidk.hr\/en\/wp-json\/wp\/v2\/categories?post=265"},{"taxonomy":"post_tag","embeddable":true,"href":"https:\/\/hidk.hr\/en\/wp-json\/wp\/v2\/tags?post=265"}],"curies":[{"name":"wp","href":"https:\/\/api.w.org\/{rel}","templated":true}]}}