{"id":296,"date":"2015-06-29T09:05:35","date_gmt":"2015-06-29T09:05:35","guid":{"rendered":"http:\/\/hidk.hr\/?p=296"},"modified":"2015-06-29T09:12:30","modified_gmt":"2015-06-29T09:12:30","slug":"296","status":"publish","type":"post","link":"https:\/\/hidk.hr\/en\/296\/","title":{"rendered":""},"content":{"rendered":"<p>Po\u0161tovane kolegice i kolege,<\/p>\n<p>u privitku Vam \u0161aljemo prvu obavijest o Me\u0111unarodnoj znanstvenoj konferenciji\u00a0<i>Stolje\u0107e \u201ePri\u010da iz davnine\u201c Ivane Brli\u0107-Ma\u017eurani\u0107\u00a0<\/i>koja \u0107e se od 12. do 15. listopada 2016. godine odr\u017eati u Zagrebu.<\/p>\n<p>Zadovoljstvo nam je pozvati Vas da svojim sudjelovanjem doprinesete obilje\u017eavanju ove zna\u010dajne obljetnice. Budite slobodni informaciju podijeliti s kolegama i kolegicama unutar Va\u0161e institucije te sa svima za koje mislite da bi mogli biti zainteresirani.<\/p>\n<p>Radujemo se Va\u0161em dolasku!<\/p>\n<p><span style=\"line-height: 1.5em;\">Uz srda\u010dne pozdrave,<\/span><\/p>\n<p>doc. dr. sc. Andrijana Kos-Lajtman,\u00a0predsjednica Organizacijskog odbora Konferencije<\/p>\n<p>Nada Kujund\u017ei\u0107,\u00a0tajnica Konferencije<\/p>\n<p><a href=\"http:\/\/hidk.hr\/wp-content\/uploads\/2015\/06\/Prvi-poziv-Stolje\u0107e-Pri\u010da-iz-davnine.pdf\">Prvi poziv &#8211; Stolje\u0107e Pri\u010da iz davnine<\/a><\/p>\n<p>&nbsp;<\/p>\n<p>**************<\/p>\n<p>&nbsp;<\/p>\n<p>Dear colleagues,<\/p>\n<p>Enclosed please find the First Call for Papers for the International Conference\u00a0<i>A Century of Ivana Brli\u0107-Ma\u017eurani\u0107\u00b4s &#8220;Tales of Long Ago&#8221;<\/i>\u00a0(<i>Croatian Tales of Long Ago<\/i>) which will be held in Zagreb (Croatia), from 12th to 15th October 2016.<\/p>\n<p>We are pleased to invite you to contribute to the celebration of this momentous anniversary by participating in the Conference. We would appreciate it if you could share this information with colleagues within your institution and all others who may be interested.<\/p>\n<p>We look forward to your participation!<\/p>\n<p>With kind regards,<\/p>\n<p>Andrijana Kos-Lajtman, PhD, President of the Organizing Committee<\/p>\n<p>Nada Kujund\u017ei\u0107, Conference Secretary<\/p>\n<p><a href=\"http:\/\/hidk.hr\/wp-content\/uploads\/2015\/06\/First-Call-A-Century-of-Pri\u010de-iz-davnine.pdf\">First Call &#8211; A Century of Pri\u010de iz davnine<\/a><\/p>","protected":false},"excerpt":{"rendered":"<p>Po\u0161tovane kolegice i kolege, u privitku Vam \u0161aljemo prvu obavijest o Me\u0111unarodnoj znanstvenoj konferenciji\u00a0Stolje\u0107e \u201ePri\u010da iz davnine\u201c Ivane Brli\u0107-Ma\u017eurani\u0107\u00a0koja \u0107e se od 12. do 15. listopada 2016. godine odr\u017eati u Zagrebu. Zadovoljstvo nam je pozvati Vas da svojim sudjelovanjem doprinesete obilje\u017eavanju ove zna\u010dajne obljetnice. Budite slobodni informaciju podijeliti s kolegama i kolegicama unutar Va\u0161e institucije&#8230;<\/p>","protected":false},"author":1,"featured_media":0,"comment_status":"open","ping_status":"open","sticky":false,"template":"","format":"standard","meta":{"footnotes":""},"categories":[4],"tags":[],"class_list":["post-296","post","type-post","status-publish","format-standard","hentry","category-naslovnica"],"post_mailing_queue_ids":[],"_links":{"self":[{"href":"https:\/\/hidk.hr\/en\/wp-json\/wp\/v2\/posts\/296","targetHints":{"allow":["GET"]}}],"collection":[{"href":"https:\/\/hidk.hr\/en\/wp-json\/wp\/v2\/posts"}],"about":[{"href":"https:\/\/hidk.hr\/en\/wp-json\/wp\/v2\/types\/post"}],"author":[{"embeddable":true,"href":"https:\/\/hidk.hr\/en\/wp-json\/wp\/v2\/users\/1"}],"replies":[{"embeddable":true,"href":"https:\/\/hidk.hr\/en\/wp-json\/wp\/v2\/comments?post=296"}],"version-history":[{"count":6,"href":"https:\/\/hidk.hr\/en\/wp-json\/wp\/v2\/posts\/296\/revisions"}],"predecessor-version":[{"id":304,"href":"https:\/\/hidk.hr\/en\/wp-json\/wp\/v2\/posts\/296\/revisions\/304"}],"wp:attachment":[{"href":"https:\/\/hidk.hr\/en\/wp-json\/wp\/v2\/media?parent=296"}],"wp:term":[{"taxonomy":"category","embeddable":true,"href":"https:\/\/hidk.hr\/en\/wp-json\/wp\/v2\/categories?post=296"},{"taxonomy":"post_tag","embeddable":true,"href":"https:\/\/hidk.hr\/en\/wp-json\/wp\/v2\/tags?post=296"}],"curies":[{"name":"wp","href":"https:\/\/api.w.org\/{rel}","templated":true}]}}