{"id":319,"date":"2015-12-12T11:12:01","date_gmt":"2015-12-12T11:12:01","guid":{"rendered":"http:\/\/hidk.hr\/?p=319"},"modified":"2015-12-12T11:18:17","modified_gmt":"2015-12-12T11:18:17","slug":"auto-skica","status":"publish","type":"post","link":"https:\/\/hidk.hr\/en\/auto-skica\/","title":{"rendered":"Me\u0111unarodna znanstvena konferencija Stolje\u0107e \u201ePri\u010da iz davnine&#8221;"},"content":{"rendered":"<p>&nbsp;<\/p>\n<p><a href=\"http:\/\/hidk.hr\/wp-content\/uploads\/2015\/12\/logo-pid.jpg\"><img loading=\"lazy\" decoding=\"async\" class=\"alignnone size-medium wp-image-328\" alt=\"logo pid\" src=\"http:\/\/hidk.hr\/wp-content\/uploads\/2015\/12\/logo-pid-216x300.jpg\" width=\"216\" height=\"300\" srcset=\"https:\/\/hidk.hr\/wp-content\/uploads\/2015\/12\/logo-pid-216x300.jpg 216w, https:\/\/hidk.hr\/wp-content\/uploads\/2015\/12\/logo-pid-150x208.jpg 150w, https:\/\/hidk.hr\/wp-content\/uploads\/2015\/12\/logo-pid.jpg 430w\" sizes=\"auto, (max-width: 216px) 100vw, 216px\" \/><\/a><\/p>\n<p>(please scroll down for the English version)<\/p>\n<p>Po\u0161tovane kolegice, po\u0161tovani kolege,<\/p>\n<p>u privitku mo\u017eete na\u0107i Drugi poziv na Me\u0111unarodnu znanstvenu konferenciju Stolje\u0107e \u201ePri\u010da iz davnine\u201c Ivane Brli\u0107-Ma\u017eurani\u0107 koja \u0107e se od 12. do 15. listopada 2016. godine odr\u017eati u Zagrebu.<\/p>\n<p>Zadovoljstvo nam je jo\u0161 jednom Vas pozvati da svojim sudjelovanjem doprinesete obilje\u017eavanju ove zna\u010dajne obljetnice. U Pozivu \u0107ete na\u0107i detalje o procesu prijave, kotizaciji te temama za koje bismo voljeli da se na\u0111u u fokusu znanstvenih razmatranja Konferencije.<\/p>\n<p>Budite slobodni informaciju podijeliti s kolegicama i kolegama unutar Va\u0161e institucije te sa svima za koje mislite da bi mogli biti zainteresirani.<\/p>\n<p>Radujemo se ve\u0107 sada Va\u0161oj prijavi te Vas srda\u010dno pozdravljamo!<\/p>\n<p>doc. dr. sc. Andrijana Kos-Lajtman,<\/p>\n<p>predsjednica Organizacijskog odbora Konferencije<\/p>\n<p>Nada Kujund\u017ei\u0107,<\/p>\n<p>tajnica Konferencije<\/p>\n<p>&nbsp;<\/p>\n<p>**********<\/p>\n<p>Dear colleagues,<\/p>\n<p>in the attachment please find the Second Call for participation in the International Conference A Century of Ivana Brli\u0107-Ma\u017eurani\u0107\u02bcs \u201cPri\u010de iz davnine\u201d (Croatian Tales of Long Ago) that will take place in Zagreb (Croatia) from 12 \u2013 15 October, 2016.<\/p>\n<p>It our pleasure to invite you to participate in the celebration of this significant anniversary. The Second Call for Papers contains detailed information about the submission process, conference fees, and themes we hope will be in the scholarly focus of the Conference.<\/p>\n<p>Feel free to share this information with colleagues within your Institution and anyone else you think might be interested.<\/p>\n<p>We look forward to your submission!<\/p>\n<p>&nbsp;<\/p>\n<p>With kind regards,<\/p>\n<p>Andrijana Kos-Lajtman, Phd<\/p>\n<p>President of the Conference Organization Committee<\/p>\n<p>Nada Kujund\u017ei\u0107,<\/p>\n<p>Conference secretary<\/p>\n<p>&nbsp;<\/p>\n<p><a href=\"http:\/\/hidk.hr\/wp-content\/uploads\/2015\/12\/Drugi-Poziv-Price-iz-davnine-2016.pdf\">Drugi Poziv &#8211; Price iz davnine 2016<\/a><\/p>\n<p><a href=\"http:\/\/hidk.hr\/wp-content\/uploads\/2015\/12\/Prijavnica-Price-iz-davnine-2016.doc\">Prijavnica &#8211; Price iz davnine 2016<\/a><\/p>\n<p><a href=\"http:\/\/hidk.hr\/wp-content\/uploads\/2015\/12\/Second-Call-A-Century-of-Price-iz-davnine-2016-.pdf\">Second Call &#8211; A Century of Price iz davnine 2016<\/a><\/p>\n<p><a href=\"http:\/\/hidk.hr\/wp-content\/uploads\/2015\/12\/Submission-form-A-Century-of-Croatian-Tales-of-Long-Ago-2016.doc\">Submission form &#8211; A Century of Croatian Tales of Long Ago 2016<\/a><span style=\"font-family: 'times new roman', serif; font-size: large;\"><br \/>\n<\/span><\/p>","protected":false},"excerpt":{"rendered":"<p>&nbsp; (please scroll down for the English version) Po\u0161tovane kolegice, po\u0161tovani kolege, u privitku mo\u017eete na\u0107i Drugi poziv na Me\u0111unarodnu znanstvenu konferenciju Stolje\u0107e \u201ePri\u010da iz davnine\u201c Ivane Brli\u0107-Ma\u017eurani\u0107 koja \u0107e se od 12. do 15. listopada 2016. godine odr\u017eati u Zagrebu. Zadovoljstvo nam je jo\u0161 jednom Vas pozvati da svojim sudjelovanjem doprinesete obilje\u017eavanju ove zna\u010dajne&#8230;<\/p>","protected":false},"author":2,"featured_media":0,"comment_status":"open","ping_status":"open","sticky":false,"template":"","format":"standard","meta":{"footnotes":""},"categories":[4],"tags":[],"class_list":["post-319","post","type-post","status-publish","format-standard","hentry","category-naslovnica"],"post_mailing_queue_ids":[],"_links":{"self":[{"href":"https:\/\/hidk.hr\/en\/wp-json\/wp\/v2\/posts\/319","targetHints":{"allow":["GET"]}}],"collection":[{"href":"https:\/\/hidk.hr\/en\/wp-json\/wp\/v2\/posts"}],"about":[{"href":"https:\/\/hidk.hr\/en\/wp-json\/wp\/v2\/types\/post"}],"author":[{"embeddable":true,"href":"https:\/\/hidk.hr\/en\/wp-json\/wp\/v2\/users\/2"}],"replies":[{"embeddable":true,"href":"https:\/\/hidk.hr\/en\/wp-json\/wp\/v2\/comments?post=319"}],"version-history":[{"count":4,"href":"https:\/\/hidk.hr\/en\/wp-json\/wp\/v2\/posts\/319\/revisions"}],"predecessor-version":[{"id":329,"href":"https:\/\/hidk.hr\/en\/wp-json\/wp\/v2\/posts\/319\/revisions\/329"}],"wp:attachment":[{"href":"https:\/\/hidk.hr\/en\/wp-json\/wp\/v2\/media?parent=319"}],"wp:term":[{"taxonomy":"category","embeddable":true,"href":"https:\/\/hidk.hr\/en\/wp-json\/wp\/v2\/categories?post=319"},{"taxonomy":"post_tag","embeddable":true,"href":"https:\/\/hidk.hr\/en\/wp-json\/wp\/v2\/tags?post=319"}],"curies":[{"name":"wp","href":"https:\/\/api.w.org\/{rel}","templated":true}]}}