{"id":440,"date":"2016-04-19T07:49:01","date_gmt":"2016-04-19T07:49:01","guid":{"rendered":"http:\/\/hidk.hr\/?p=440"},"modified":"2018-05-10T12:00:20","modified_gmt":"2018-05-10T12:00:20","slug":"440","status":"publish","type":"post","link":"https:\/\/hidk.hr\/en\/440\/","title":{"rendered":"Ro\u0111endan Ivane Brli\u0107-Ma\u017eurani\u0107"},"content":{"rendered":"<p><a href=\"http:\/\/hidk.hr\/wp-content\/uploads\/2016\/04\/ibm.jpg\"><img loading=\"lazy\" decoding=\"async\" class=\"aligncenter size-medium wp-image-441\" src=\"http:\/\/hidk.hr\/wp-content\/uploads\/2016\/04\/ibm-240x300.jpg\" alt=\"ibm\" width=\"240\" height=\"300\" srcset=\"https:\/\/hidk.hr\/wp-content\/uploads\/2016\/04\/ibm-240x300.jpg 240w, https:\/\/hidk.hr\/wp-content\/uploads\/2016\/04\/ibm-150x187.jpg 150w, https:\/\/hidk.hr\/wp-content\/uploads\/2016\/04\/ibm.jpg 433w\" sizes=\"auto, (max-width: 240px) 100vw, 240px\" \/><\/a><\/p>\n<p>Ivana Brli\u0107-Ma\u017eurani\u0107 ro\u0111ena je na dana\u0161nji dan, 18. travnja 1874. u Ogulinu. Njezine \u201cPri\u010de iz davnine\u201d naj\u010de\u0161\u0107e su objavljivana i prevo\u0111ena hrvatska prozna zbirka.<br \/>\nPovodom 142. ro\u0111endana na\u0161e cijenjene spisateljice, poklanjamo vam njezin prelijepi citat kojeg je odabrala na\u0161a kolegica Andrijana Kos-Lajtman. Ilustracije potpisuje Cvijeta Job.<\/p>\n<p><a href=\"http:\/\/hidk.hr\/wp-content\/uploads\/2016\/04\/Citat-IBM.jpg\"><img loading=\"lazy\" decoding=\"async\" class=\"aligncenter size-medium wp-image-448\" src=\"http:\/\/hidk.hr\/wp-content\/uploads\/2016\/04\/Citat-IBM-300x203.jpg\" alt=\"Citat IBM\" width=\"300\" height=\"203\" srcset=\"https:\/\/hidk.hr\/wp-content\/uploads\/2016\/04\/Citat-IBM-300x203.jpg 300w, https:\/\/hidk.hr\/wp-content\/uploads\/2016\/04\/Citat-IBM-600x407.jpg 600w, https:\/\/hidk.hr\/wp-content\/uploads\/2016\/04\/Citat-IBM-1024x694.jpg 1024w, https:\/\/hidk.hr\/wp-content\/uploads\/2016\/04\/Citat-IBM-150x101.jpg 150w, https:\/\/hidk.hr\/wp-content\/uploads\/2016\/04\/Citat-IBM.jpg 1683w\" sizes=\"auto, (max-width: 300px) 100vw, 300px\" \/><\/a><\/p>\n<p>&nbsp;<\/p>","protected":false},"excerpt":{"rendered":"<p>Ivana Brli\u0107-Ma\u017eurani\u0107 ro\u0111ena je na dana\u0161nji dan, 18. travnja 1874. u Ogulinu. Njezine \u201cPri\u010de iz davnine\u201d naj\u010de\u0161\u0107e su objavljivana i prevo\u0111ena hrvatska prozna zbirka. Povodom 142. ro\u0111endana na\u0161e cijenjene spisateljice, poklanjamo vam njezin prelijepi citat kojeg je odabrala na\u0161a kolegica Andrijana Kos-Lajtman. Ilustracije potpisuje Cvijeta Job. &nbsp;<\/p>","protected":false},"author":2,"featured_media":0,"comment_status":"open","ping_status":"open","sticky":false,"template":"","format":"standard","meta":{"footnotes":""},"categories":[4,2],"tags":[],"class_list":["post-440","post","type-post","status-publish","format-standard","hentry","category-naslovnica","category-novosti"],"post_mailing_queue_ids":[],"_links":{"self":[{"href":"https:\/\/hidk.hr\/en\/wp-json\/wp\/v2\/posts\/440","targetHints":{"allow":["GET"]}}],"collection":[{"href":"https:\/\/hidk.hr\/en\/wp-json\/wp\/v2\/posts"}],"about":[{"href":"https:\/\/hidk.hr\/en\/wp-json\/wp\/v2\/types\/post"}],"author":[{"embeddable":true,"href":"https:\/\/hidk.hr\/en\/wp-json\/wp\/v2\/users\/2"}],"replies":[{"embeddable":true,"href":"https:\/\/hidk.hr\/en\/wp-json\/wp\/v2\/comments?post=440"}],"version-history":[{"count":8,"href":"https:\/\/hidk.hr\/en\/wp-json\/wp\/v2\/posts\/440\/revisions"}],"predecessor-version":[{"id":569,"href":"https:\/\/hidk.hr\/en\/wp-json\/wp\/v2\/posts\/440\/revisions\/569"}],"wp:attachment":[{"href":"https:\/\/hidk.hr\/en\/wp-json\/wp\/v2\/media?parent=440"}],"wp:term":[{"taxonomy":"category","embeddable":true,"href":"https:\/\/hidk.hr\/en\/wp-json\/wp\/v2\/categories?post=440"},{"taxonomy":"post_tag","embeddable":true,"href":"https:\/\/hidk.hr\/en\/wp-json\/wp\/v2\/tags?post=440"}],"curies":[{"name":"wp","href":"https:\/\/api.w.org\/{rel}","templated":true}]}}