{"id":513,"date":"2016-09-28T06:59:45","date_gmt":"2016-09-28T06:59:45","guid":{"rendered":"http:\/\/hidk.hr\/?p=513"},"modified":"2016-09-28T07:13:04","modified_gmt":"2016-09-28T07:13:04","slug":"stoljece-prica-iz-davnine-pozivnica-za-svecano-otvaranje-a-century-of-tales-of-long-ago-invitation-to-the-grand-opening","status":"publish","type":"post","link":"https:\/\/hidk.hr\/en\/stoljece-prica-iz-davnine-pozivnica-za-svecano-otvaranje-a-century-of-tales-of-long-ago-invitation-to-the-grand-opening\/","title":{"rendered":"Stolje\u0107e &#8220;Pri\u010da iz davnine&#8221;: pozivnica za sve\u010dano otvaranje \/ A Century of &#8220;Tales of Long Ago&#8221;: invitation to the grand opening"},"content":{"rendered":"<p>(please scroll down for the English text)<\/p>\n<p>Po\u0161tovane kolegice i kolege,<\/p>\n<p>u privitku Vam dostavljamo pozivnicu za sve\u010dano otvaranje Konferencije koje \u0107e se odr\u017eati u srijedu, 14. listopada u Preporodnoj dvorani Hrvatske akademije znanosti i umjetnosti (Opati\u010dka 18).<\/p>\n<p>Napominjemo da su svi\/e oni\/e koji\/e su najavili\/e svoj dolazak putem upitnika o dru\u0161tvenom programu Konferencije ve\u0107 na popisu uzvanika te stoga ne trebaju iznova potvr\u0111ivati sudjelovanje na ovome doga\u0111anju.<\/p>\n<p>U nestrpljivom i\u0161\u010dekivanju skora\u0161njeg dru\u017eenja, srda\u010dno Vas pozdravljamo!<br \/>\nU ime Organizacijskog odbora,<br \/>\nNada Kujund\u017ei\u0107, tajnica Konferencije<\/p>\n<p>&nbsp;<\/p>\n<p><a href=\"http:\/\/hidk.hr\/wp-content\/uploads\/2016\/09\/Pozivnica-_Invitation.pdf\" target=\"_blank\">Pozivnica &#8211; Invitation<\/a><\/p>\n<p>****************************<\/p>\n<p>Dear Members of the Programme Committee,<\/p>\n<p>in the attachment to this e-mail, please find the invitation to the grand opening of the Conference which will take place on Wednesday, October 12 at the Illyrian Hall of the Croatian Academy of Sciences and Arts (Opati\u010dka 12).<\/p>\n<p>We would like to point out that delegates to the Conference who have already confirmed their participation in the grand opening via our questionnaire are on the guest list and therefore do not need to re-confirm their interest in this particular event.<\/p>\n<p>We look forward to seeing you in October!<br \/>\nWith kind regards,<br \/>\non behalf of the Organizing Committee,<br \/>\nNada Kujund\u017ei\u0107, Conference Secretary<\/p>","protected":false},"excerpt":{"rendered":"<p>(please scroll down for the English text) Po\u0161tovane kolegice i kolege, u privitku Vam dostavljamo pozivnicu za sve\u010dano otvaranje Konferencije koje \u0107e se odr\u017eati u srijedu, 14. listopada u Preporodnoj dvorani Hrvatske akademije znanosti i umjetnosti (Opati\u010dka 18). Napominjemo da su svi\/e oni\/e koji\/e su najavili\/e svoj dolazak putem upitnika o dru\u0161tvenom programu Konferencije ve\u0107&#8230;<\/p>","protected":false},"author":2,"featured_media":0,"comment_status":"open","ping_status":"open","sticky":false,"template":"","format":"standard","meta":{"footnotes":""},"categories":[8,4],"tags":[],"class_list":["post-513","post","type-post","status-publish","format-standard","hentry","category-konferencija","category-naslovnica"],"post_mailing_queue_ids":[],"_links":{"self":[{"href":"https:\/\/hidk.hr\/en\/wp-json\/wp\/v2\/posts\/513","targetHints":{"allow":["GET"]}}],"collection":[{"href":"https:\/\/hidk.hr\/en\/wp-json\/wp\/v2\/posts"}],"about":[{"href":"https:\/\/hidk.hr\/en\/wp-json\/wp\/v2\/types\/post"}],"author":[{"embeddable":true,"href":"https:\/\/hidk.hr\/en\/wp-json\/wp\/v2\/users\/2"}],"replies":[{"embeddable":true,"href":"https:\/\/hidk.hr\/en\/wp-json\/wp\/v2\/comments?post=513"}],"version-history":[{"count":6,"href":"https:\/\/hidk.hr\/en\/wp-json\/wp\/v2\/posts\/513\/revisions"}],"predecessor-version":[{"id":521,"href":"https:\/\/hidk.hr\/en\/wp-json\/wp\/v2\/posts\/513\/revisions\/521"}],"wp:attachment":[{"href":"https:\/\/hidk.hr\/en\/wp-json\/wp\/v2\/media?parent=513"}],"wp:term":[{"taxonomy":"category","embeddable":true,"href":"https:\/\/hidk.hr\/en\/wp-json\/wp\/v2\/categories?post=513"},{"taxonomy":"post_tag","embeddable":true,"href":"https:\/\/hidk.hr\/en\/wp-json\/wp\/v2\/tags?post=513"}],"curies":[{"name":"wp","href":"https:\/\/api.w.org\/{rel}","templated":true}]}}