{"id":599,"date":"2017-02-14T09:07:55","date_gmt":"2017-02-14T09:07:55","guid":{"rendered":"http:\/\/hidk.hr\/?p=599"},"modified":"2017-02-14T09:08:49","modified_gmt":"2017-02-14T09:08:49","slug":"100-godisnjica-rodenja-nedjeljke-brlic","status":"publish","type":"post","link":"https:\/\/hidk.hr\/en\/100-godisnjica-rodenja-nedjeljke-brlic\/","title":{"rendered":"100. godi\u0161njica ro\u0111enja Nedjeljke Brli\u0107"},"content":{"rendered":"<p><a href=\"http:\/\/hidk.hr\/wp-content\/uploads\/2017\/02\/Nedjeljka-Brlic.jpg\"><img loading=\"lazy\" decoding=\"async\" class=\"aligncenter size-medium wp-image-601\" src=\"http:\/\/hidk.hr\/wp-content\/uploads\/2017\/02\/Nedjeljka-Brlic-204x300.jpg\" alt=\"Nedjeljka Brlic\" width=\"204\" height=\"300\" srcset=\"https:\/\/hidk.hr\/wp-content\/uploads\/2017\/02\/Nedjeljka-Brlic-204x300.jpg 204w, https:\/\/hidk.hr\/wp-content\/uploads\/2017\/02\/Nedjeljka-Brlic-600x882.jpg 600w, https:\/\/hidk.hr\/wp-content\/uploads\/2017\/02\/Nedjeljka-Brlic-697x1024.jpg 697w, https:\/\/hidk.hr\/wp-content\/uploads\/2017\/02\/Nedjeljka-Brlic-150x220.jpg 150w, https:\/\/hidk.hr\/wp-content\/uploads\/2017\/02\/Nedjeljka-Brlic.jpg 749w\" sizes=\"auto, (max-width: 204px) 100vw, 204px\" \/><\/a><\/p>\n<p>U Gradskoj knji\u017enici\u00a0Novi Zagreb, 17. velja\u010de 2017. u 18 sati, odr\u017eat \u0107e se susret ljubitelja knji\u017eevnosti posve\u0107en 100. godi\u0161njici ro\u0111enja Nedjeljke Brli\u0107, najmla\u0111e k\u0107eri omiljene hrvatske spisateljice za djecu,<br \/>\nIvane Brli\u0107 Ma\u017eurani\u0107. Vi\u0161e o ovom zanimljivom susretu pro\u010ditajte <a href=\"http:\/\/hidk.hr\/wp-content\/uploads\/2017\/02\/IBM-17-2-17-pozivnica.pdf\" target=\"_blank\">ovdje.<\/a><\/p>","protected":false},"excerpt":{"rendered":"<p>U Gradskoj knji\u017enici\u00a0Novi Zagreb, 17. velja\u010de 2017. u 18 sati, odr\u017eat \u0107e se susret ljubitelja knji\u017eevnosti posve\u0107en 100. godi\u0161njici ro\u0111enja Nedjeljke Brli\u0107, najmla\u0111e k\u0107eri omiljene hrvatske spisateljice za djecu, Ivane Brli\u0107 Ma\u017eurani\u0107. Vi\u0161e o ovom zanimljivom susretu pro\u010ditajte ovdje.<\/p>","protected":false},"author":2,"featured_media":0,"comment_status":"open","ping_status":"open","sticky":false,"template":"","format":"standard","meta":{"footnotes":""},"categories":[4,2],"tags":[],"class_list":["post-599","post","type-post","status-publish","format-standard","hentry","category-naslovnica","category-novosti"],"post_mailing_queue_ids":[],"_links":{"self":[{"href":"https:\/\/hidk.hr\/en\/wp-json\/wp\/v2\/posts\/599","targetHints":{"allow":["GET"]}}],"collection":[{"href":"https:\/\/hidk.hr\/en\/wp-json\/wp\/v2\/posts"}],"about":[{"href":"https:\/\/hidk.hr\/en\/wp-json\/wp\/v2\/types\/post"}],"author":[{"embeddable":true,"href":"https:\/\/hidk.hr\/en\/wp-json\/wp\/v2\/users\/2"}],"replies":[{"embeddable":true,"href":"https:\/\/hidk.hr\/en\/wp-json\/wp\/v2\/comments?post=599"}],"version-history":[{"count":2,"href":"https:\/\/hidk.hr\/en\/wp-json\/wp\/v2\/posts\/599\/revisions"}],"predecessor-version":[{"id":603,"href":"https:\/\/hidk.hr\/en\/wp-json\/wp\/v2\/posts\/599\/revisions\/603"}],"wp:attachment":[{"href":"https:\/\/hidk.hr\/en\/wp-json\/wp\/v2\/media?parent=599"}],"wp:term":[{"taxonomy":"category","embeddable":true,"href":"https:\/\/hidk.hr\/en\/wp-json\/wp\/v2\/categories?post=599"},{"taxonomy":"post_tag","embeddable":true,"href":"https:\/\/hidk.hr\/en\/wp-json\/wp\/v2\/tags?post=599"}],"curies":[{"name":"wp","href":"https:\/\/api.w.org\/{rel}","templated":true}]}}