{"id":637,"date":"2017-03-10T20:13:41","date_gmt":"2017-03-10T20:13:41","guid":{"rendered":"http:\/\/hidk.hr\/?p=637"},"modified":"2018-05-10T11:59:26","modified_gmt":"2018-05-10T11:59:26","slug":"moja-prva-knjiga-od-djece-za-djecu","status":"publish","type":"post","link":"https:\/\/hidk.hr\/en\/moja-prva-knjiga-od-djece-za-djecu\/","title":{"rendered":"Moja prva knjiga &#8211; od djece za djecu"},"content":{"rendered":"<p><a href=\"http:\/\/hidk.hr\/wp-content\/uploads\/2017\/03\/skola.jpg\"><img loading=\"lazy\" decoding=\"async\" class=\"aligncenter size-medium wp-image-638\" src=\"http:\/\/hidk.hr\/wp-content\/uploads\/2017\/03\/skola-300x169.jpg\" alt=\"skola\" width=\"300\" height=\"169\" srcset=\"https:\/\/hidk.hr\/wp-content\/uploads\/2017\/03\/skola-300x169.jpg 300w, https:\/\/hidk.hr\/wp-content\/uploads\/2017\/03\/skola-600x338.jpg 600w, https:\/\/hidk.hr\/wp-content\/uploads\/2017\/03\/skola-768x432.jpg 768w, https:\/\/hidk.hr\/wp-content\/uploads\/2017\/03\/skola-1024x577.jpg 1024w, https:\/\/hidk.hr\/wp-content\/uploads\/2017\/03\/skola-150x84.jpg 150w, https:\/\/hidk.hr\/wp-content\/uploads\/2017\/03\/skola.jpg 1387w\" sizes=\"auto, (max-width: 300px) 100vw, 300px\" \/><\/a><\/p>\n<p>U \u010detvrtak , 09.03.2017. godine u knji\u017enici Vladimira Nazora u Zagrebu odr\u017eano je predstavljanje projekta <em>Moja prva knjiga<\/em> te pro\u0161logodi\u0161njih prvonagra\u0111enih u\u010denika i u\u010denica kao i radova u \u010dije ruke vlasnika su dospjele druge, tre\u0107e ili poticajne nagrade.<br \/>\n<em>Moja prva knjiga<\/em>\u00a0 dr\u017eavno je natjecanje za u\u010denike i u\u010denice osnovnih \u0161kola koje se kontinuirano provodi od 2004. godine. Provodi ga Udruga KAlibra, a natjecanje je pod pokroviteljstvom Ministarstva znanosti i obrazovanja. Prva nagrada je tiskanje najboljih slikovnica, a za odabir prvonagra\u0111enih radova zadu\u017eene su hrvatske dje\u010dje knji\u017eevnice Sanja Pili\u0107 i Silvija \u0160esto.<br \/>\nSvoje prvonagra\u0111ene pri\u010de u \u010detvrtak su pro\u010ditali Dora Ku\u010dan, Marta Nidogon i Luka Zadravec.<br \/>\nVi\u0161e informacija o projektu mo\u017eete prona\u0107i na sljede\u0107im linkovima:<\/p>\n<p><a href=\"http:\/\/www.mojaprvaknjiga.com\/\" target=\"_blank\">http:\/\/www.mojaprvaknjiga.com\/ <\/a><br \/>\n<a href=\"https:\/\/www.facebook.com\/moja.prva.knjiga\/\" target=\"_blank\">https:\/\/www.facebook.com\/moja.prva.knjiga\/<\/a><\/p>\n<p>Pripremila: Ana \u017deljeznjak<\/p>","protected":false},"excerpt":{"rendered":"<p>U \u010detvrtak , 09.03.2017. godine u knji\u017enici Vladimira Nazora u Zagrebu odr\u017eano je predstavljanje projekta Moja prva knjiga te pro\u0161logodi\u0161njih prvonagra\u0111enih u\u010denika i u\u010denica kao i radova u \u010dije ruke vlasnika su dospjele druge, tre\u0107e ili poticajne nagrade. Moja prva knjiga\u00a0 dr\u017eavno je natjecanje za u\u010denike i u\u010denice osnovnih \u0161kola koje se kontinuirano provodi od&#8230;<\/p>","protected":false},"author":2,"featured_media":0,"comment_status":"open","ping_status":"open","sticky":false,"template":"","format":"standard","meta":{"footnotes":""},"categories":[4,2],"tags":[],"class_list":["post-637","post","type-post","status-publish","format-standard","hentry","category-naslovnica","category-novosti"],"post_mailing_queue_ids":[],"_links":{"self":[{"href":"https:\/\/hidk.hr\/en\/wp-json\/wp\/v2\/posts\/637","targetHints":{"allow":["GET"]}}],"collection":[{"href":"https:\/\/hidk.hr\/en\/wp-json\/wp\/v2\/posts"}],"about":[{"href":"https:\/\/hidk.hr\/en\/wp-json\/wp\/v2\/types\/post"}],"author":[{"embeddable":true,"href":"https:\/\/hidk.hr\/en\/wp-json\/wp\/v2\/users\/2"}],"replies":[{"embeddable":true,"href":"https:\/\/hidk.hr\/en\/wp-json\/wp\/v2\/comments?post=637"}],"version-history":[{"count":1,"href":"https:\/\/hidk.hr\/en\/wp-json\/wp\/v2\/posts\/637\/revisions"}],"predecessor-version":[{"id":639,"href":"https:\/\/hidk.hr\/en\/wp-json\/wp\/v2\/posts\/637\/revisions\/639"}],"wp:attachment":[{"href":"https:\/\/hidk.hr\/en\/wp-json\/wp\/v2\/media?parent=637"}],"wp:term":[{"taxonomy":"category","embeddable":true,"href":"https:\/\/hidk.hr\/en\/wp-json\/wp\/v2\/categories?post=637"},{"taxonomy":"post_tag","embeddable":true,"href":"https:\/\/hidk.hr\/en\/wp-json\/wp\/v2\/tags?post=637"}],"curies":[{"name":"wp","href":"https:\/\/api.w.org\/{rel}","templated":true}]}}