{"id":644,"date":"2017-04-10T18:27:07","date_gmt":"2017-04-10T18:27:07","guid":{"rendered":"http:\/\/hidk.hr\/?p=644"},"modified":"2018-05-10T11:59:00","modified_gmt":"2018-05-10T11:59:00","slug":"nagrada-grigor-vitez-za-2016-godinu","status":"publish","type":"post","link":"https:\/\/hidk.hr\/en\/nagrada-grigor-vitez-za-2016-godinu\/","title":{"rendered":"Nagrada Grigor Vitez za 2016. godinu"},"content":{"rendered":"<p><a href=\"http:\/\/hidk.hr\/wp-content\/uploads\/2017\/04\/grigor-viez-2017.jpg\"><img loading=\"lazy\" decoding=\"async\" class=\"aligncenter size-medium wp-image-645\" src=\"http:\/\/hidk.hr\/wp-content\/uploads\/2017\/04\/grigor-viez-2017-300x143.jpg\" alt=\"grigor-viez-2017\" width=\"300\" height=\"143\" srcset=\"https:\/\/hidk.hr\/wp-content\/uploads\/2017\/04\/grigor-viez-2017-300x143.jpg 300w, https:\/\/hidk.hr\/wp-content\/uploads\/2017\/04\/grigor-viez-2017-600x286.jpg 600w, https:\/\/hidk.hr\/wp-content\/uploads\/2017\/04\/grigor-viez-2017-150x71.jpg 150w, https:\/\/hidk.hr\/wp-content\/uploads\/2017\/04\/grigor-viez-2017.jpg 636w\" sizes=\"auto, (max-width: 300px) 100vw, 300px\" \/><\/a><\/p>\n<p>Savez dru\u0161tava Na\u0161a djeca Hrvatske organizirao je\u00a049. dodjelu Nagrade \u201cGrigor Vitez\u201d koja se dodjeljuje za tekst i ilustracije u knjigama za djecu i mlade\u017e.<\/p>\n<p>U 2016. godini u konkurenciji je bilo ukupno 92 knjiga iz produkcije 28 nakladnika. Odluku o dobitnicima nagrada i pohvala Nagrade \u201eGrigor Vitez\u201d za 2016. godinu donijelo je Stru\u010dno povjerenstvo u sastavu: Ludwig Bauer, knji\u017eevnik, predsjednik Povjerenstva, Marina Gabelica, dopredsjednica Povjerenstva, Andrea Petrlik Huseinovi\u0107, ilustratorica, Sanja Polak, knji\u017eevnica, Snje\u017eana Krpes, tajnica Nagrade i Marina \u017dili\u0107, koordinatorica Nagrade.<\/p>\n<p>Dobitnici Nagrade za 2016. godinu su:<\/p>\n<ul>\n<li><strong>Ana \u0110oki\u0107<\/strong> \u2013 za knji\u017eevni tekst za djecu u slikovnici &#8220;Bao baobab i mala Kibibi\u201d, Knjiga u centru, Zagreb.<\/li>\n<li><strong>Sanja Pili\u0107<\/strong> \u2013 za knji\u017eevni tekst za mlade\u017e u knjizi \u201cPo\u0161alji mi poruku!\u201d, Mozaik knjiga, Zagreb.<\/li>\n<li><strong>Ana Kadoi\u0107<\/strong> \u2013 za ilustracije za mla\u0111u dob djece u slikovnicama \u201c\u0160to rade odrasli\u201d i \u201cPetar i tramvaj\u201d, Ka\u0161mir promet, Zagreb.<\/li>\n<li><strong>Marsela Hajdinjak<\/strong> \u2013 za ilustracije za stariju dob djece u slikovnici \u201cSlavuj\u201d, Golden marketing-Tehni\u010dka knjiga, Zagreb.<\/li>\n<\/ul>\n<p>Uz glavne nagrade, dodijeljene su i Pohvale Nagrade &#8220;Grigor Vitez\u201d:<\/p>\n<ul>\n<li><strong>Vandi \u010cizmek<\/strong> za autenti\u010dne ilustracije u \u201cSirup protiv ma\u010djeg ka\u0161lja\u201d, Semafora, Zagreb i \u201cKumarov san\u201d, Hrvatsko dru\u0161tvo knji\u017eevnika za djecu i mlade, Zagreb.<\/li>\n<li><strong>Ivani Gulja\u0161evi\u0107<\/strong> za ilustracije u slikovnicama \u201cZaljubljeni \u017eabac\u201d i \u201cBo-tuov bubanj\u201d. Igubuka, Zagreb i u slikovnici \u201cAlma dimnja\u010darka\u201d, Mala zvona, Zagreb.<\/li>\n<li><strong>Tihomiru Horvatu<\/strong> za suvremeno knji\u017eevno o\u017eivljavanje Sigetske bitke u romanu za mlade \u201cMali ratnik\u201d, Dru\u0161tvo hrvatskih knji\u017eevnika, Zagreb.<\/li>\n<li><strong>Igoru Kni\u017eeku<\/strong> za tekst u knjizi \u201cLegenda o Hani i ratnicima Sedmog mora\u201d, Sipar, Zagreb \u2013 za promicanje umjetni\u010dke bajke s elementima hrvatske tradicije i narodne ba\u0161tine.<\/li>\n<li><strong>\u017deljki Mezi\u0107<\/strong> za ilustracije u slikovnicama \u201c\u0160to \u0107u biti kad odrastem\u201d, Mozaik knjiga, Zagreb, \u201cToplo \u0161vedsko more\u201d, Semafora, Zagreb i \u201cZagrljaj\u201d, Knjiga u centru, Zagreb.<\/li>\n<li>Posthumna pohvala <strong>Nadi Mihel\u010di\u0107<\/strong> za tekst u knjigama \u201cPlavo staklo\u201d i \u201cPri\u010dice i pjesmice iz daleke Afrike\u201d, Semafora, Zagreb \u2013 za promicanje humanosti, tolerancije i razli\u010ditosti u knji\u017eevnosti za djecu i mlade\u017e.<\/li>\n<li><strong>Tomislavu Torjancu<\/strong> za ilustracije u slikovnici \u201cOgledalce\u201d Grigora Viteza, Mozaik knjiga, Zagreb.<\/li>\n<li><strong>Ivanu Vitezu<\/strong> za ilustracije u knjizi \u201cS indijanskim plemenom Kroatana 1. i 2. dio\u201d, Alfa, Zagreb.<\/li>\n<li><strong>Piki Von\u010dini<\/strong> za ilustracije u knjizi \u201cMa\u010dke\u201d, Mala zvona, Zagreb i \u201c\u010cetiri godi\u0161nja doba\u201d, Mozaik knjiga, Zagreb.<\/li>\n<li><strong>Aljo\u0161i Vukovi\u0107u<\/strong> za zbirku dijalektalnog haiku \u201c\u2026 i nikad vi\u0161e (\u0161ibenski haiku za Zvonu i Iku)\u201d, Naklada Panda, Zagreb \u2013 za promicanje vrijednosti haiku i dijalektalne poezije u knji\u017eevnosti za djecu i mlade\u017e.<\/li>\n<li>Pohvala <strong>Hrvatskom dru\u0161tvu knji\u017eevnika za djecu i mlade<\/strong> za velik doprinos i afirmaciju knji\u017eevnosti za djecu i mlade.<\/li>\n<\/ul>\n<p>Sve\u010danost dodjele Nagrade odr\u017eala se u utorak, 21. o\u017eujka u u Koncertnoj dvorani Vatroslava Lisinskog.<\/p>\n<p><a href=\"http:\/\/hidk.hr\/wp-content\/uploads\/2017\/04\/Grigor-Vitez-za-2016_047.jpg\"><img loading=\"lazy\" decoding=\"async\" class=\"aligncenter size-medium wp-image-648\" src=\"http:\/\/hidk.hr\/wp-content\/uploads\/2017\/04\/Grigor-Vitez-za-2016_047-300x163.jpg\" alt=\"_Grigor Vitez za 2016_047\" width=\"300\" height=\"163\" srcset=\"https:\/\/hidk.hr\/wp-content\/uploads\/2017\/04\/Grigor-Vitez-za-2016_047-300x163.jpg 300w, https:\/\/hidk.hr\/wp-content\/uploads\/2017\/04\/Grigor-Vitez-za-2016_047-600x326.jpg 600w, https:\/\/hidk.hr\/wp-content\/uploads\/2017\/04\/Grigor-Vitez-za-2016_047-768x417.jpg 768w, https:\/\/hidk.hr\/wp-content\/uploads\/2017\/04\/Grigor-Vitez-za-2016_047-1024x557.jpg 1024w, https:\/\/hidk.hr\/wp-content\/uploads\/2017\/04\/Grigor-Vitez-za-2016_047-150x82.jpg 150w, https:\/\/hidk.hr\/wp-content\/uploads\/2017\/04\/Grigor-Vitez-za-2016_047.jpg 1400w\" sizes=\"auto, (max-width: 300px) 100vw, 300px\" \/><\/a><\/p>\n<p>U prilogu mo\u017eete pro\u010ditati slu\u017ebenu verziju Obrazlo\u017eenja Nagrade.<\/p>\n<p><a href=\"http:\/\/hidk.hr\/wp-content\/uploads\/2017\/04\/Obrazlo\u017eenje-NGV-za-2016..pdf\" target=\"_blank\">Obrazlo\u017eenje NGV za 2016.<\/a><\/p>","protected":false},"excerpt":{"rendered":"<p>Savez dru\u0161tava Na\u0161a djeca Hrvatske organizirao je\u00a049. dodjelu Nagrade \u201cGrigor Vitez\u201d koja se dodjeljuje za tekst i ilustracije u knjigama za djecu i mlade\u017e. U 2016. godini u konkurenciji je bilo ukupno 92 knjiga iz produkcije 28 nakladnika. Odluku o dobitnicima nagrada i pohvala Nagrade \u201eGrigor Vitez\u201d za 2016. godinu donijelo je Stru\u010dno povjerenstvo u&#8230;<\/p>","protected":false},"author":2,"featured_media":0,"comment_status":"open","ping_status":"open","sticky":false,"template":"","format":"standard","meta":{"footnotes":""},"categories":[4,2],"tags":[],"class_list":["post-644","post","type-post","status-publish","format-standard","hentry","category-naslovnica","category-novosti"],"post_mailing_queue_ids":[],"_links":{"self":[{"href":"https:\/\/hidk.hr\/en\/wp-json\/wp\/v2\/posts\/644","targetHints":{"allow":["GET"]}}],"collection":[{"href":"https:\/\/hidk.hr\/en\/wp-json\/wp\/v2\/posts"}],"about":[{"href":"https:\/\/hidk.hr\/en\/wp-json\/wp\/v2\/types\/post"}],"author":[{"embeddable":true,"href":"https:\/\/hidk.hr\/en\/wp-json\/wp\/v2\/users\/2"}],"replies":[{"embeddable":true,"href":"https:\/\/hidk.hr\/en\/wp-json\/wp\/v2\/comments?post=644"}],"version-history":[{"count":3,"href":"https:\/\/hidk.hr\/en\/wp-json\/wp\/v2\/posts\/644\/revisions"}],"predecessor-version":[{"id":650,"href":"https:\/\/hidk.hr\/en\/wp-json\/wp\/v2\/posts\/644\/revisions\/650"}],"wp:attachment":[{"href":"https:\/\/hidk.hr\/en\/wp-json\/wp\/v2\/media?parent=644"}],"wp:term":[{"taxonomy":"category","embeddable":true,"href":"https:\/\/hidk.hr\/en\/wp-json\/wp\/v2\/categories?post=644"},{"taxonomy":"post_tag","embeddable":true,"href":"https:\/\/hidk.hr\/en\/wp-json\/wp\/v2\/tags?post=644"}],"curies":[{"name":"wp","href":"https:\/\/api.w.org\/{rel}","templated":true}]}}