{"id":661,"date":"2017-04-21T11:49:04","date_gmt":"2017-04-21T11:49:04","guid":{"rendered":"http:\/\/hidk.hr\/?p=661"},"modified":"2017-05-16T11:50:09","modified_gmt":"2017-05-16T11:50:09","slug":"rodendan-ivane-brlic-mazuranic","status":"publish","type":"post","link":"https:\/\/hidk.hr\/en\/rodendan-ivane-brlic-mazuranic\/","title":{"rendered":"Ro\u0111endan Ivane Brli\u0107-Ma\u017eurani\u0107"},"content":{"rendered":"<p><a href=\"http:\/\/hidk.hr\/wp-content\/uploads\/2016\/04\/ibm.jpg\"><img loading=\"lazy\" decoding=\"async\" class=\"aligncenter size-medium wp-image-441\" src=\"http:\/\/hidk.hr\/wp-content\/uploads\/2016\/04\/ibm-240x300.jpg\" alt=\"ibm\" width=\"240\" height=\"300\" srcset=\"https:\/\/hidk.hr\/wp-content\/uploads\/2016\/04\/ibm-240x300.jpg 240w, https:\/\/hidk.hr\/wp-content\/uploads\/2016\/04\/ibm-150x187.jpg 150w, https:\/\/hidk.hr\/wp-content\/uploads\/2016\/04\/ibm.jpg 433w\" sizes=\"auto, (max-width: 240px) 100vw, 240px\" \/><\/a><\/p>\n<p>18. travnja proslavili smo ro\u0111endan jedne od najpoznatijih hrvatskih i svjetskih dje\u010djih knji\u017eevnica, Ivane Brli\u0107 Ma\u017eurani\u0107.<br \/>\nIvana se knji\u017eevnim stvarala\u0161tvom po\u010dinje baviti vrlo rano i to u obliku poezije, eseja i dnevnika, ali prvi radovi objavljeni su joj tek po\u010detkom dvadesetog stolje\u0107a.<br \/>\n1913. godine izdaje \u010cudnovate zgode \u0161egrta Hlapi\u0107a kojom po\u010dinje plijeniti pozornost hrvatske i svjetske publike.<br \/>\n\u010cesto nazivana hrvatskim Andersenom i Tolikenom, spisateljica je \u010dak 4 puta bila predlagana za Nobelovu nagradu za knji\u017eevnost, a o dosegu njezinog knji\u017eevnog utjecaja svjedo\u010di i \u010dinjenica da su njezina djela prevedena na sve ve\u0107e svjetske jezike.<br \/>\nDesetlje\u0107ima nakon smrti ove sna\u017ene \u017eene jo\u0161 uvijek osje\u0107amo njezin knji\u017eevni utjecaj, a zahvaljuju\u0107i nenadma\u0161noj originalnosti djela svrstavamo je rame uz rame sa svjetskim velikanima dje\u010dje knji\u017eevnosti.<\/p>\n<p>pripremila: Ana \u017deljeznjak<\/p>","protected":false},"excerpt":{"rendered":"<p>18. travnja proslavili smo ro\u0111endan jedne od najpoznatijih hrvatskih i svjetskih dje\u010djih knji\u017eevnica, Ivane Brli\u0107 Ma\u017eurani\u0107. Ivana se knji\u017eevnim stvarala\u0161tvom po\u010dinje baviti vrlo rano i to u obliku poezije, eseja i dnevnika, ali prvi radovi objavljeni su joj tek po\u010detkom dvadesetog stolje\u0107a. 1913. godine izdaje \u010cudnovate zgode \u0161egrta Hlapi\u0107a kojom po\u010dinje plijeniti pozornost hrvatske i&#8230;<\/p>","protected":false},"author":2,"featured_media":0,"comment_status":"open","ping_status":"open","sticky":false,"template":"","format":"standard","meta":{"footnotes":""},"categories":[4,2],"tags":[],"class_list":["post-661","post","type-post","status-publish","format-standard","hentry","category-naslovnica","category-novosti"],"post_mailing_queue_ids":[],"_links":{"self":[{"href":"https:\/\/hidk.hr\/en\/wp-json\/wp\/v2\/posts\/661","targetHints":{"allow":["GET"]}}],"collection":[{"href":"https:\/\/hidk.hr\/en\/wp-json\/wp\/v2\/posts"}],"about":[{"href":"https:\/\/hidk.hr\/en\/wp-json\/wp\/v2\/types\/post"}],"author":[{"embeddable":true,"href":"https:\/\/hidk.hr\/en\/wp-json\/wp\/v2\/users\/2"}],"replies":[{"embeddable":true,"href":"https:\/\/hidk.hr\/en\/wp-json\/wp\/v2\/comments?post=661"}],"version-history":[{"count":1,"href":"https:\/\/hidk.hr\/en\/wp-json\/wp\/v2\/posts\/661\/revisions"}],"predecessor-version":[{"id":662,"href":"https:\/\/hidk.hr\/en\/wp-json\/wp\/v2\/posts\/661\/revisions\/662"}],"wp:attachment":[{"href":"https:\/\/hidk.hr\/en\/wp-json\/wp\/v2\/media?parent=661"}],"wp:term":[{"taxonomy":"category","embeddable":true,"href":"https:\/\/hidk.hr\/en\/wp-json\/wp\/v2\/categories?post=661"},{"taxonomy":"post_tag","embeddable":true,"href":"https:\/\/hidk.hr\/en\/wp-json\/wp\/v2\/tags?post=661"}],"curies":[{"name":"wp","href":"https:\/\/api.w.org\/{rel}","templated":true}]}}