{"id":734,"date":"2017-10-21T18:11:36","date_gmt":"2017-10-21T18:11:36","guid":{"rendered":"http:\/\/hidk.hr\/?p=734"},"modified":"2018-04-13T09:37:02","modified_gmt":"2018-04-13T09:37:02","slug":"zavrsen-projekt-moja-prva-knjiga-2016-2017","status":"publish","type":"post","link":"https:\/\/hidk.hr\/en\/zavrsen-projekt-moja-prva-knjiga-2016-2017\/","title":{"rendered":"Zavr\u0161en projekt Moja prva knjiga 2016.\/2017."},"content":{"rendered":"<p>28.09.2017. godine hrvatska dje\u010dja knji\u017eevnost postala je bogatija za 7 novih objavljenih autora i autorica i to mahom mla\u0111ih od 15 godina. Na spomenuti datum odr\u017eana je zavr\u0161na sve\u010danost projekta Moja prva knjiga u Dugoj Resi u provedbi karlova\u010dke Udruge za promicanje kulture \u010ditanja KAlibra.<\/p>\n<p>Ove godine objavljena je sna\u017ena pri\u010da o nu\u017enosti razli\u010ditosti u svijetu pod imenom Plava pri\u010da u\u010denice Gordane Zadravec iz Bjelovara, dok slikovnica Moj Sre\u0107ko u\u010denice Tanje Brkovi\u0107 opisuje radosti udomljavanja pasa lutalica. Tiskana slikovnica Nikole Pavo\u0161evi\u0107a iz \u010cepina, Izvi\u0111a\u010dke zgode, upoznaje nas s dvije vesele izvi\u0111a\u010dke ekipe Dabrovi i Vjeverice, a Van Goghom inspirirana slikovnica Bijeg iz stvarnosti u\u010denice Elene Kutnjak iz Svetog Jurja na Bregu magi\u010dno oslikava svijet umjetnosti. Tre\u0107a\u0161i Sara Peru\u0161i\u0107 i Marco Galotto iz I\u010di\u0107a tako\u0111er su nagra\u0111eni prvom nagradom. Dok se Sara pozabavila temom rje\u0161avanja sukoba u svojoj slikovnici Planeti u sva\u0111i, Marco u slikovnici Zgode i nezgode jednog kuhara na duhovit na\u010din prenosi pri\u010du o jednom kuharu i njegovom na\u010dinu no\u0161enja s kulinarskom kritikom. Tamara Pa\u017eur iz malog zagorskog sela Budin\u0161\u010dina u svojoj slikovnici Odbjegla abeceda opisuje potragu \u010ditanke za odbjeglim slovima abecede.<br \/>\nProjekt je proveden 13. godinu zaredom i osim prvonagra\u0111enih u\u010denika koji su nagra\u0111eni tiskanom slikovnicom, druga nagrada u obliku poklon paketa dospjela je u ruke 20 u\u010denika, tre\u0107a kod njih 24, a poticajna nagrada do \u010dak 197 u\u010denika. Projekt se provodi pod pokroviteljstvom Ministarstva znanosti i obrazovanja, a najbolje slikovnice biraju hrvatske knji\u017eevnice Sanja Pili\u0107 i Silvija \u0160esto.<\/p>\n<p>&nbsp;<\/p>\n<p>pripremila: Ana \u017deljeznjak<\/p>","protected":false},"excerpt":{"rendered":"<p>28.09.2017. godine hrvatska dje\u010dja knji\u017eevnost postala je bogatija za 7 novih objavljenih autora i autorica i to mahom mla\u0111ih od 15 godina. Na spomenuti datum odr\u017eana je zavr\u0161na sve\u010danost projekta Moja prva knjiga u Dugoj Resi u provedbi karlova\u010dke Udruge za promicanje kulture \u010ditanja KAlibra. Ove godine objavljena je sna\u017ena pri\u010da o nu\u017enosti razli\u010ditosti u&#8230;<\/p>","protected":false},"author":2,"featured_media":737,"comment_status":"open","ping_status":"open","sticky":false,"template":"","format":"standard","meta":{"footnotes":""},"categories":[2],"tags":[],"class_list":["post-734","post","type-post","status-publish","format-standard","has-post-thumbnail","hentry","category-novosti"],"post_mailing_queue_ids":[],"_links":{"self":[{"href":"https:\/\/hidk.hr\/en\/wp-json\/wp\/v2\/posts\/734","targetHints":{"allow":["GET"]}}],"collection":[{"href":"https:\/\/hidk.hr\/en\/wp-json\/wp\/v2\/posts"}],"about":[{"href":"https:\/\/hidk.hr\/en\/wp-json\/wp\/v2\/types\/post"}],"author":[{"embeddable":true,"href":"https:\/\/hidk.hr\/en\/wp-json\/wp\/v2\/users\/2"}],"replies":[{"embeddable":true,"href":"https:\/\/hidk.hr\/en\/wp-json\/wp\/v2\/comments?post=734"}],"version-history":[{"count":5,"href":"https:\/\/hidk.hr\/en\/wp-json\/wp\/v2\/posts\/734\/revisions"}],"predecessor-version":[{"id":776,"href":"https:\/\/hidk.hr\/en\/wp-json\/wp\/v2\/posts\/734\/revisions\/776"}],"wp:featuredmedia":[{"embeddable":true,"href":"https:\/\/hidk.hr\/en\/wp-json\/wp\/v2\/media\/737"}],"wp:attachment":[{"href":"https:\/\/hidk.hr\/en\/wp-json\/wp\/v2\/media?parent=734"}],"wp:term":[{"taxonomy":"category","embeddable":true,"href":"https:\/\/hidk.hr\/en\/wp-json\/wp\/v2\/categories?post=734"},{"taxonomy":"post_tag","embeddable":true,"href":"https:\/\/hidk.hr\/en\/wp-json\/wp\/v2\/tags?post=734"}],"curies":[{"name":"wp","href":"https:\/\/api.w.org\/{rel}","templated":true}]}}